{"id":438868,"date":"2025-10-04T15:16:19","date_gmt":"2025-10-04T15:16:19","guid":{"rendered":"https:\/\/www.europesays.com\/fr\/438868\/"},"modified":"2025-10-04T15:16:19","modified_gmt":"2025-10-04T15:16:19","slug":"j7-la-compo-probable-sud-ouest-pour-poitiers-bordeaux-un-onze-bordelais-offensif","status":"publish","type":"post","link":"https:\/\/www.europesays.com\/fr\/438868\/","title":{"rendered":"[J7] La compo probable Sud Ouest pour Poitiers-Bordeaux, un onze bordelais offensif ?"},"content":{"rendered":"<p><img width=\"773\" height=\"380\" data-lazy-type=\"image\" src=\"https:\/\/www.europesays.com\/fr\/wp-content\/uploads\/2025\/10\/bandicam-2025-09-04-18-41-45-001-773x380.jpg\" class=\"lazy lazy-hidden attachment-alchemists_thumbnail-lg size-alchemists_thumbnail-lg wp-post-image\" alt=\"\" decoding=\"async\" fetchpriority=\"high\"\/><\/p>\n<p>En ce milieu d\u2019apr\u00e8s-midi, le quotidien Sud Ouest a donn\u00e9 sa<br \/>\ncomposition probable pour es Girondins de Bordeaux, en d\u00e9placement<br \/>\nsur les terres du Stade Poitevin, pour le compte de la 7\u00e8me journ\u00e9e<br \/>\nde National 2.<\/p>\n<p>Si pour la d\u00e9fense il n\u2019y a pas de surprise \u2013 le groupe convoqu\u00e9<br \/>\nen t\u00e9moigne \u2013 tout comme pour le milieu de terrain \u2013 priv\u00e9 d\u2019Adama<br \/>\nDiop suspendu \u2013 il restait des incertitude sur l\u2019attaque<br \/>\nbordelaise. <a href=\"https:\/\/www.sudouest.fr\/sport\/football\/girondins-de-bordeaux\/girondins-de-bordeaux-haut-de-tableau-bahassa-milieu-pogba-ce-qu-il-faut-savoir-avant-le-match-a-poitiers-26189712.php\" rel=\"nofollow noopener\" target=\"_blank\"><br \/>\nSud Ouest<\/a> voit ainsi une titularisation de Royce Openda, \u00e9cart\u00e9<br \/>\ndepuis trois semaines. Soufiane Bahassa, comme en Coupe de France<br \/>\nface \u00e0 Bergerac, serait lui aussi titulaire. Devant, Steve Shamal<br \/>\nserait derri\u00e8re le seul attaquant, Lud\u00e9ric Etonde. Ainsi, c\u2019est<br \/>\nMatthieu Villette qui serait su le banc. La compo probable :<\/p>\n<p style=\"text-align: center;\"><strong>Hoekstra \u2013 El Hajjam,<br \/>\nGrillot (cap), Droenhle, Trichard \u2013 Ba, Odru \u2013 Openda, Shamal,<br \/>\nBahassa \u2013 Etonde.<\/strong><\/p>\n<p>Ce matin et comme \u00e0 notre habitude, nous avons \u00e9galement publi\u00e9<br \/>\nnotre composition probable. Elle diff\u00e8re un peu, avec notamment la<br \/>\npr\u00e9sence de deux ailiers que sont Steve Shamal et Soufiane Bahassa,<br \/>\net donc la pr\u00e9sence de deux attaquants de pointe : Matthieu<br \/>\nVillette et Lud\u00e9ric Etonde. Nous voyons plus Royce Openda rentrer<br \/>\nen cours de seconde p\u00e9riode selon le sc\u00e9nario du match, afin<br \/>\nd\u2019\u00e9viter une rechute, lui qui ne s\u2019entraine que depuis cette<br \/>\nsemaine collectivement. Notre compo :<\/p>\n<p style=\"text-align: center;\"><strong>Hoekstra \u2013 El Hajjam,<br \/>\nGrillot (c), Droehnl\u00e9, Trichard \u2013\u00a0Odru, Ba \u2013\u00a0Bahassa,<br \/>\nShamal,\u00a0Etonde, Villette.<\/strong><\/p>\n<p><img loading=\"lazy\" decoding=\"async\" class=\"lazy lazy-hidden size-full wp-image-560488\" data-lazy-type=\"image\" src=\"https:\/\/www.europesays.com\/fr\/wp-content\/uploads\/2025\/10\/6-aout-22.jpg\" alt=\"\" width=\"1024\" height=\"683\"  \/><\/p>\n<p>Photo Daniel Audet<\/p>\n","protected":false},"excerpt":{"rendered":"En ce milieu d\u2019apr\u00e8s-midi, le quotidien Sud Ouest a donn\u00e9 sa composition probable pour es Girondins de Bordeaux,&hellip;\n","protected":false},"author":2,"featured_media":438869,"comment_status":"","ping_status":"","sticky":false,"template":"","format":"standard","meta":{"footnotes":""},"categories":[2817],"tags":[1111,11,1997,1777,674,1011,27,12,2219,25],"class_list":{"0":"post-438868","1":"post","2":"type-post","3":"status-publish","4":"format-standard","5":"has-post-thumbnail","7":"category-bordeaux","8":"tag-actu","9":"tag-actualites","10":"tag-bordeaux","11":"tag-eu","12":"tag-europe","13":"tag-fr","14":"tag-france","15":"tag-news","16":"tag-nouvelle-aquitaine","17":"tag-republique-francaise"},"share_on_mastodon":{"url":"https:\/\/pubeurope.com\/@fr\/115316561807617259","error":""},"_links":{"self":[{"href":"https:\/\/www.europesays.com\/fr\/wp-json\/wp\/v2\/posts\/438868","targetHints":{"allow":["GET"]}}],"collection":[{"href":"https:\/\/www.europesays.com\/fr\/wp-json\/wp\/v2\/posts"}],"about":[{"href":"https:\/\/www.europesays.com\/fr\/wp-json\/wp\/v2\/types\/post"}],"author":[{"embeddable":true,"href":"https:\/\/www.europesays.com\/fr\/wp-json\/wp\/v2\/users\/2"}],"replies":[{"embeddable":true,"href":"https:\/\/www.europesays.com\/fr\/wp-json\/wp\/v2\/comments?post=438868"}],"version-history":[{"count":0,"href":"https:\/\/www.europesays.com\/fr\/wp-json\/wp\/v2\/posts\/438868\/revisions"}],"wp:featuredmedia":[{"embeddable":true,"href":"https:\/\/www.europesays.com\/fr\/wp-json\/wp\/v2\/media\/438869"}],"wp:attachment":[{"href":"https:\/\/www.europesays.com\/fr\/wp-json\/wp\/v2\/media?parent=438868"}],"wp:term":[{"taxonomy":"category","embeddable":true,"href":"https:\/\/www.europesays.com\/fr\/wp-json\/wp\/v2\/categories?post=438868"},{"taxonomy":"post_tag","embeddable":true,"href":"https:\/\/www.europesays.com\/fr\/wp-json\/wp\/v2\/tags?post=438868"}],"curies":[{"name":"wp","href":"https:\/\/api.w.org\/{rel}","templated":true}]}}