{"id":438870,"date":"2025-10-04T15:17:09","date_gmt":"2025-10-04T15:17:09","guid":{"rendered":"https:\/\/www.europesays.com\/fr\/438870\/"},"modified":"2025-10-04T15:17:09","modified_gmt":"2025-10-04T15:17:09","slug":"un-important-trafic-de-stupefiants-entre-toulouse-et-la-reunion-demantele-ce-que-lon-sait","status":"publish","type":"post","link":"https:\/\/www.europesays.com\/fr\/438870\/","title":{"rendered":"Un important trafic de stup\u00e9fiants entre Toulouse et La R\u00e9union d\u00e9mantel\u00e9 : ce que l&rsquo;on sait"},"content":{"rendered":"<p>            Par<br \/>\n        <strong><br \/>\n            <a href=\"https:\/\/actu.fr\/auteur\/gabriel-kenedi\" title=\"Consulter tous les articles de Gabriel Kenedi\" rel=\"nofollow noopener\" target=\"_blank\">Gabriel Kenedi<\/a><br \/>\n        <\/strong><\/p>\n<p>        Publi\u00e9 le<\/p>\n<p>            4 oct. 2025 \u00e0 16h24        <\/p>\n<p>Un important<strong> trafic de stup\u00e9fiants<\/strong> a \u00e9t\u00e9 d\u00e9mantel\u00e9 par les autorit\u00e9s judiciaires, a appris <a href=\"https:\/\/actu.fr\/toulouse\/\" rel=\"nofollow noopener\" target=\"_blank\">Actu Toulouse<\/a>. Un r\u00e9seau peu commun qui s\u00e9vissait <strong>entre Toulouse\u2026 et l\u2019\u00eele de la R\u00e9union. <\/strong>\u00c0 Toulouse, d\u2019apr\u00e8s nos informations, deux personnes soup\u00e7onn\u00e9es d\u2019approvisionner La R\u00e9union en <strong>\u00ab\u00a0dou\u00a0\u00bb<\/strong> \u2013 une nouvelle drogue de synth\u00e8se peu connue en m\u00e9tropole mais tr\u00e8s consomm\u00e9e sur \u00ab\u00a0l\u2019\u00eele intense\u00a0\u00bb \u2013 doivent \u00eatre jug\u00e9es lundi 6 octobre 2025. Voici ce que l\u2019on sait sur cette affaire peu commune.\u00a0<\/p>\n<p>L\u2019affaire d\u00e9marre\u2026 par un signalement\u00a0<\/p>\n<p class=\" wall-content\">L\u2019affaire a d\u00e9marr\u00e9 dans cette \u00eele situ\u00e9e au beau milieu de l\u2019oc\u00e9an indien, et plus pr\u00e9cis\u00e9ment \u00e0 Saint-Louis, une commune de quelque <strong>50 000 habitants<\/strong> situ\u00e9e au sud du d\u00e9partement d\u2019outre-mer.\u00a0<\/p>\n<p class=\" wall-content\">\u00ab\u00a0Le 8 novembre 2024, \u00e0 la suite d\u2019une<strong> d\u00e9nonciation<\/strong> adress\u00e9e au procureur de la R\u00e9publique de Saint-Pierre, la brigade de recherches (BR) de Saint-Pierre a lanc\u00e9 une enqu\u00eate sur un trafic de stup\u00e9fiants pr\u00e9sum\u00e9 organis\u00e9 \u00e0 Saint-Louis\u00a0\u00bb, a indiqu\u00e9 vendredi 3 octobre, dans un communiqu\u00e9, <strong>Olivier Clemen\u00e7on<\/strong>, procureur de la R\u00e9publique de Saint-Pierre.\u00a0<\/p>\n<p class=\" wall-content\">Rapidement, d\u00e9but d\u00e9cembre 2024, \u00ab\u00a0<strong>deux premi\u00e8res interpellations<\/strong> ont confirm\u00e9 les soup\u00e7ons\u00a0\u00bb.\u00a0<\/p>\n<p>De nombreuses interpellations, dont deux \u00e0 Toulouse\u00a0<\/p>\n<p class=\" wall-content\">Apr\u00e8s plus de neuf mois d\u2019investigations approfondies, \u00ab\u00a0<strong>une vaste op\u00e9ration de police judiciaire<\/strong> a \u00e9t\u00e9 d\u00e9clench\u00e9e les 29 et 30 septembre 2025\u2033, fait savoir le procureur.\u00a0<\/p>\n<p class=\" wall-content\">Cette op\u00e9ration \u00ab\u00a0aboutit localement [\u00e0 La R\u00e9union, ndlr] \u00e0 trois nouvelles interpellations. Avec l\u2019appui de la brigade de recherches de Toulouse, <strong>deux autres suspects<\/strong> r\u00e9sidant dans cette ville ont \u00e9galement \u00e9t\u00e9 arr\u00eat\u00e9s. Ainsi, ce sont sept individus qui sont incrimin\u00e9s dans la commission des faits\u00a0\u00bb, assure le procureur Olivier Clemen\u00e7on.\u00a0<\/p>\n<blockquote class=\"ac-article-quote wall-content\">\n<p>\u00ab\u00a0L\u2019enqu\u00eate a permis de confirmer l\u2019existence du r\u00e9seau et de proc\u00e9der \u00e0 d\u2019importantes saisies compos\u00e9es de produits stup\u00e9fiants, de plus de 16 000 \u20ac en num\u00e9raire, d\u2019une arme \u00e0 feu et d\u2019un v\u00e9hicule. Les personnes mises en cause ont \u00e9t\u00e9 pr\u00e9sent\u00e9es devant l\u2019autorit\u00e9 judiciaire et compara\u00eetront dans le cadre d\u2019une audience correctionnelle en comparution imm\u00e9diate. Elles encourent des peines pouvant aller jusqu\u2019\u00e0 10 ans d\u2019emprisonnement.\u00a0\u00bb<\/p>\n<p>    <strong>Olivier Clemen\u00e7on<\/strong><br \/>\n        Procureur de la R\u00e9publique de Saint-Pierre (La R\u00e9union)    <\/p><\/blockquote>\n<p>Votre r\u00e9gion, votre actu !<\/p>\n<p>Recevez chaque jour les infos qui comptent pour vous.<\/p>\n<p>\t<a href=\"https:\/\/actu.fr\/newsletter\" class=\"ac-btn ac-btn--corner ac-btn--medium ac-btn--blue800\" rel=\"nofollow noopener\" target=\"_blank\">S&rsquo;incrire<\/a><br \/>\nDu \u00ab\u00a0dou\u00a0\u00bb envoy\u00e9 depuis Toulouse vers la R\u00e9union ?\u00a0<\/p>\n<p class=\" wall-content\">Quel est le profil des<strong> deux personnes interpell\u00e9es<\/strong> \u00e0 Toulouse et quel \u00e9tait leur r\u00f4le exact dans ce trafic ?\u00a0 D\u2019apr\u00e8s nos informations, ce trafic porte sur un produit peu connu dans l\u2019Hexagone mais qui est tr\u00e8s consomm\u00e9 \u00e0 La R\u00e9union. Une nouvelle drogue de synth\u00e8se que les R\u00e9unionnais appellent \u00ab\u00a0le dou\u00a0\u00bb.\u00a0 Une drogue consomm\u00e9e sous forme de poudre, qui peut se fumer\u2026 et qui fait des ravages depuis de nombreux mois \u00e0 La R\u00e9union.\u00a0<\/p>\n<p class=\" wall-content\">\u00ab\u00a0C\u2019est de la kathinone, <strong>un d\u00e9riv\u00e9 du khat<\/strong>, une forme d\u2019amph\u00e9tamine\u00a0\u00bb, indique le parquet de Toulouse \u00e0 Actu.fr.\u00a0<\/p>\n<p>Ils contestent les faits\u00a0<\/p>\n<p class=\" wall-content\">D\u2019apr\u00e8s nos informations, les deux hommes interpell\u00e9s \u00e0 Toulouse, \u00e2g\u00e9s de 30 ans et de 33 ans, et d\u00e9j\u00e0 connus de la justice, sont <strong>soup\u00e7onn\u00e9s d\u2019\u00eatre \u00e0 la t\u00eate de ce r\u00e9seau<\/strong> de stup\u00e9fiants\u2026 Ce qu\u2019ils nient.\u00a0<\/p>\n<p class=\" wall-content\">\u00ab\u00a0Ils sont mis en cause par les R\u00e9unionnais interpell\u00e9s comme \u00e9tant<strong> les responsables du trafic<\/strong>, ce qu\u2019ils contestent\u00a0\u00bb, pr\u00e9cise une source proche du dossier \u00e0 Actu.fr.<\/p>\n<p>Jug\u00e9s en comparution imm\u00e9diate<\/p>\n<p class=\" wall-content\">Les deux suspects doivent \u00eatre<strong> jug\u00e9s en comparution imm\u00e9diate<\/strong>, lundi 6 octobre 2025, devant le tribunal correctionnel de Toulouse. Leurs avocats ont, d\u2019apr\u00e8s nos informations, pr\u00e9vu de demander un renvoi.\u00a0<\/p>\n<p class=\" wall-content\">Personnalisez votre actualit\u00e9 en ajoutant vos villes et m\u00e9dias en favori avec <a href=\"https:\/\/moncompte.actu.fr\" title=\"D\u00e9couvez Mon Actu\" rel=\"nofollow noopener\" data-trk=\"{&quot;cta&quot;:{&quot;action&quot;:&quot;https:\\\/\\\/moncompte.actu.fr&quot;,&quot;category&quot;:&quot;mon compte&quot;,&quot;from&quot;:&quot;article footer&quot;,&quot;name&quot;:&quot;Mon actu&quot;,&quot;type&quot;:&quot;cta&quot;}}\" target=\"_blank\">Mon Actu<\/a>.<\/p>\n","protected":false},"excerpt":{"rendered":"Par Gabriel Kenedi Publi\u00e9 le 4 oct. 2025 \u00e0 16h24 Un important trafic de stup\u00e9fiants a \u00e9t\u00e9 d\u00e9mantel\u00e9&hellip;\n","protected":false},"author":2,"featured_media":438871,"comment_status":"","ping_status":"","sticky":false,"template":"","format":"standard","meta":{"footnotes":""},"categories":[2816],"tags":[1111,11,1052,1777,674,118,1011,27,303,12,2680,25,2312],"class_list":{"0":"post-438870","1":"post","2":"type-post","3":"status-publish","4":"format-standard","5":"has-post-thumbnail","7":"category-toulouse","8":"tag-actu","9":"tag-actualites","10":"tag-drogue","11":"tag-eu","12":"tag-europe","13":"tag-faits-divers","14":"tag-fr","15":"tag-france","16":"tag-justice","17":"tag-news","18":"tag-occitanie","19":"tag-republique-francaise","20":"tag-toulouse"},"share_on_mastodon":{"url":"https:\/\/pubeurope.com\/@fr\/115316565169515938","error":""},"_links":{"self":[{"href":"https:\/\/www.europesays.com\/fr\/wp-json\/wp\/v2\/posts\/438870","targetHints":{"allow":["GET"]}}],"collection":[{"href":"https:\/\/www.europesays.com\/fr\/wp-json\/wp\/v2\/posts"}],"about":[{"href":"https:\/\/www.europesays.com\/fr\/wp-json\/wp\/v2\/types\/post"}],"author":[{"embeddable":true,"href":"https:\/\/www.europesays.com\/fr\/wp-json\/wp\/v2\/users\/2"}],"replies":[{"embeddable":true,"href":"https:\/\/www.europesays.com\/fr\/wp-json\/wp\/v2\/comments?post=438870"}],"version-history":[{"count":0,"href":"https:\/\/www.europesays.com\/fr\/wp-json\/wp\/v2\/posts\/438870\/revisions"}],"wp:featuredmedia":[{"embeddable":true,"href":"https:\/\/www.europesays.com\/fr\/wp-json\/wp\/v2\/media\/438871"}],"wp:attachment":[{"href":"https:\/\/www.europesays.com\/fr\/wp-json\/wp\/v2\/media?parent=438870"}],"wp:term":[{"taxonomy":"category","embeddable":true,"href":"https:\/\/www.europesays.com\/fr\/wp-json\/wp\/v2\/categories?post=438870"},{"taxonomy":"post_tag","embeddable":true,"href":"https:\/\/www.europesays.com\/fr\/wp-json\/wp\/v2\/tags?post=438870"}],"curies":[{"name":"wp","href":"https:\/\/api.w.org\/{rel}","templated":true}]}}