{"id":438874,"date":"2025-10-04T15:19:12","date_gmt":"2025-10-04T15:19:12","guid":{"rendered":"https:\/\/www.europesays.com\/fr\/438874\/"},"modified":"2025-10-04T15:19:12","modified_gmt":"2025-10-04T15:19:12","slug":"samedi-11-octobre-2025-le-theatre-du-casino-barriere-lille-accueillera-le-concert-de-louis-bertignac","status":"publish","type":"post","link":"https:\/\/www.europesays.com\/fr\/438874\/","title":{"rendered":"Samedi 11 octobre 2025, le Th\u00e9\u00e2tre du Casino Barri\u00e8re Lille accueillera le concert de Louis Bertignac"},"content":{"rendered":"<p style=\"text-align: justify;\"><strong>Samedi 11 octobre 2025 \u00e0 20h30, le Th\u00e9\u00e2tre du Casino Barri\u00e8re Lille <\/strong>accueillera le <strong>concert de<\/strong> <strong>Louis Bertignac <\/strong><strong>!<\/strong><\/p>\n<p>Louis Bertignac<br \/>Artiste a plus d\u2019une corde \u00e0 \u00ab sa guitare \u00bb, sa Gisbson en premier !<\/p>\n<p style=\"text-align: justify;\">Co-fondateur du groupe T\u00e9l\u00e9phone, avec qui il a eu le succ\u00e8s qu\u2019on lui conna\u00eet ; il commence une carri\u00e8re solo en 1986 (Ces id\u00e9es-l\u00e0, reste dans nos c\u0153ur), puis fera de nombreuses rencontres et collaborations musicales entre autres avec Carla Bruni ou Joyce Jonathan\u2026<\/p>\n<p style=\"text-align: justify;\">Guitariste hors-pair et auteur \u00e9m\u00e9rite, il est nomm\u00e9 Chevalier \u00e0 l\u2019ordre des Arts et des Lettres en 2011.<\/p>\n<p style=\"text-align: justify;\">Une ann\u00e9e 2012 bien remplie avec l\u2019invitation de Johnny Hallyday \u00e0 faire sa premi\u00e8re partie, notamment devant 80.000 personnes au Stade de France ; et son arriv\u00e9e dans le jury de The Voice sur TF1.<\/p>\n<p style=\"text-align: justify;\">DE 2015 \u00e0 2017, il retrouve ses amis de toujours Jean-Louis Aubert et Richard Kolinka pour faire la tourn\u00e9e des Insus, et rejouer leurs tubes du temps de T\u00e9l\u00e9phone.<\/p>\n<p style=\"text-align: justify;\">En 2022, il sort une bibliographie intitul\u00e9e \u00ab Jolie petite histoire \u00bb, clin d\u2019\u0153il \u00e0 sa chanson \u00ab Cendrillon \u00bb.<\/p>\n<p style=\"text-align: justify;\">2023 marque la sortie de son nouvel album \u00ab Dans le film de ma vie \u00bb, et son retour sur la sc\u00e8ne, pour notre plus grand plaisir ! Alors entrez dans son monde et laissez-le vous chanter sa vie !<\/p>\n<p><img loading=\"lazy\" decoding=\"async\" width=\"9\" height=\"9\" src=\"https:\/\/www.europesays.com\/fr\/wp-content\/uploads\/2025\/04\/1744722321_833_arrow.png\" alt=\"Puce\"\/> <strong>Tarif : <\/strong>\u00e0 partir de 37\u20ac<\/p>\n<p><img loading=\"lazy\" decoding=\"async\" width=\"9\" height=\"9\" src=\"https:\/\/www.europesays.com\/fr\/wp-content\/uploads\/2025\/04\/1744722321_833_arrow.png\" alt=\"Puce\"\/> <a href=\"https:\/\/www.casinosbarriere.com\/lille\/spectacle\/louis-bertignac\" target=\"_blank\" rel=\"noreferrer noopener\">Site internet du Casino Barri\u00e8re Lille<\/a><\/p>\n<p class=\"has-text-align-right\">Source : Casino Barri\u00e8re Lille \u2013 Photo : DR \u2013 \u00a9 Let It Bleed Music &amp; Baladins Tours Productions<\/p>\n","protected":false},"excerpt":{"rendered":"Samedi 11 octobre 2025 \u00e0 20h30, le Th\u00e9\u00e2tre du Casino Barri\u00e8re Lille accueillera le concert de Louis Bertignac&hellip;\n","protected":false},"author":2,"featured_media":438875,"comment_status":"","ping_status":"","sticky":false,"template":"","format":"standard","meta":{"footnotes":""},"categories":[2815],"tags":[56589,1111,11,13249,1697,1777,674,1011,27,811,1307,21705,12,25],"class_list":{"0":"post-438874","1":"post","2":"type-post","3":"status-publish","4":"format-standard","5":"has-post-thumbnail","7":"category-lille","8":"tag-11-octobre-2025","9":"tag-actu","10":"tag-actualites","11":"tag-casino-barriere-lille","12":"tag-concert","13":"tag-eu","14":"tag-europe","15":"tag-fr","16":"tag-france","17":"tag-hauts-de-france","18":"tag-lille","19":"tag-louis-bertignac","20":"tag-news","21":"tag-republique-francaise"},"share_on_mastodon":{"url":"https:\/\/pubeurope.com\/@fr\/115316573219381997","error":""},"_links":{"self":[{"href":"https:\/\/www.europesays.com\/fr\/wp-json\/wp\/v2\/posts\/438874","targetHints":{"allow":["GET"]}}],"collection":[{"href":"https:\/\/www.europesays.com\/fr\/wp-json\/wp\/v2\/posts"}],"about":[{"href":"https:\/\/www.europesays.com\/fr\/wp-json\/wp\/v2\/types\/post"}],"author":[{"embeddable":true,"href":"https:\/\/www.europesays.com\/fr\/wp-json\/wp\/v2\/users\/2"}],"replies":[{"embeddable":true,"href":"https:\/\/www.europesays.com\/fr\/wp-json\/wp\/v2\/comments?post=438874"}],"version-history":[{"count":0,"href":"https:\/\/www.europesays.com\/fr\/wp-json\/wp\/v2\/posts\/438874\/revisions"}],"wp:featuredmedia":[{"embeddable":true,"href":"https:\/\/www.europesays.com\/fr\/wp-json\/wp\/v2\/media\/438875"}],"wp:attachment":[{"href":"https:\/\/www.europesays.com\/fr\/wp-json\/wp\/v2\/media?parent=438874"}],"wp:term":[{"taxonomy":"category","embeddable":true,"href":"https:\/\/www.europesays.com\/fr\/wp-json\/wp\/v2\/categories?post=438874"},{"taxonomy":"post_tag","embeddable":true,"href":"https:\/\/www.europesays.com\/fr\/wp-json\/wp\/v2\/tags?post=438874"}],"curies":[{"name":"wp","href":"https:\/\/api.w.org\/{rel}","templated":true}]}}