{"id":438878,"date":"2025-10-04T15:21:11","date_gmt":"2025-10-04T15:21:11","guid":{"rendered":"https:\/\/www.europesays.com\/fr\/438878\/"},"modified":"2025-10-04T15:21:11","modified_gmt":"2025-10-04T15:21:11","slug":"quand-benoit-payan-invite-sylvain-souvestre-a-un-road-trip-dans-les-ecoles","status":"publish","type":"post","link":"https:\/\/www.europesays.com\/fr\/438878\/","title":{"rendered":"quand Beno\u00eet Payan invite Sylvain Souvestre \u00e0 un road-trip dans les \u00e9coles"},"content":{"rendered":"<p>\u00a0\u00ab\u00a0Comment je peux r\u00e9pondre \u00e0 \u00e7a\u00a0? C&rsquo;est comme si on me disait que Mars est plus grand que Jupiter. Pour certains, la v\u00e9rit\u00e9 est une id\u00e9e comme une autre, a r\u00e9pondu <a href=\"https:\/\/www.laprovence.com\/article\/region\/92202528157507\/benoit-payan-nous-lancons-la-4e-vague-du-plan-marseille-en-grand-avec-14-premieres-ecoles-pour-2029\" target=\"_blank\" rel=\"noopener\">le maire de Marseille<\/a>. Donc demain, si vous \u00eates disponible, on vous am\u00e8ne et on vous montre les \u00e9coles qui ont \u00e9t\u00e9 refaites et celles qui vont \u00eatre refaites. Parce que ce vous racontez n&rsquo;existe pas.\u00a0\u00bb<\/p>\n<p>Aux derni\u00e8res nouvelles, ce vendredi 3 octobre au soir, l&rsquo;heure de d\u00e9part du road-trip \u00e9tait fix\u00e9 \u00e0 10h ce samedi 4 octobre \u00e0 l&rsquo;inauguration de l&rsquo;\u00e9cole Oasis-Aygalades (15e). M\u00eame si on doute que les deux <a href=\"https:\/\/www.laprovence.com\/article\/region\/1563959982421215\/stand-de-tir-des-trois-lucs-a-marseille-la-mairie-a-une-idee-derriere-la-tete-croit-le-maire-de-secteur-sylvain-souvestre\" target=\"_blank\" rel=\"noopener\">\u00e9lus<\/a> s&rsquo;y retrouveront\u2026<\/p>\n","protected":false},"excerpt":{"rendered":"\u00a0\u00ab\u00a0Comment je peux r\u00e9pondre \u00e0 \u00e7a\u00a0? C&rsquo;est comme si on me disait que Mars est plus grand que&hellip;\n","protected":false},"author":2,"featured_media":438879,"comment_status":"","ping_status":"","sticky":false,"template":"","format":"standard","meta":{"footnotes":""},"categories":[2814],"tags":[17,1111,11,16980,2826,1777,674,1011,27,508,884,12,19988,316,882,396,25,56590],"class_list":{"0":"post-438878","1":"post","2":"type-post","3":"status-publish","4":"format-standard","5":"has-post-thumbnail","7":"category-marseille","8":"tag-17","9":"tag-actu","10":"tag-actualites","11":"tag-benoit","12":"tag-confidentiels","13":"tag-eu","14":"tag-europe","15":"tag-fr","16":"tag-france","17":"tag-invite","18":"tag-marseille","19":"tag-news","20":"tag-payan","21":"tag-politique","22":"tag-provence-alpes-cote-dazur","23":"tag-quand","24":"tag-republique-francaise","25":"tag-sylvain"},"share_on_mastodon":{"url":"https:\/\/pubeurope.com\/@fr\/115316580969890199","error":""},"_links":{"self":[{"href":"https:\/\/www.europesays.com\/fr\/wp-json\/wp\/v2\/posts\/438878","targetHints":{"allow":["GET"]}}],"collection":[{"href":"https:\/\/www.europesays.com\/fr\/wp-json\/wp\/v2\/posts"}],"about":[{"href":"https:\/\/www.europesays.com\/fr\/wp-json\/wp\/v2\/types\/post"}],"author":[{"embeddable":true,"href":"https:\/\/www.europesays.com\/fr\/wp-json\/wp\/v2\/users\/2"}],"replies":[{"embeddable":true,"href":"https:\/\/www.europesays.com\/fr\/wp-json\/wp\/v2\/comments?post=438878"}],"version-history":[{"count":0,"href":"https:\/\/www.europesays.com\/fr\/wp-json\/wp\/v2\/posts\/438878\/revisions"}],"wp:featuredmedia":[{"embeddable":true,"href":"https:\/\/www.europesays.com\/fr\/wp-json\/wp\/v2\/media\/438879"}],"wp:attachment":[{"href":"https:\/\/www.europesays.com\/fr\/wp-json\/wp\/v2\/media?parent=438878"}],"wp:term":[{"taxonomy":"category","embeddable":true,"href":"https:\/\/www.europesays.com\/fr\/wp-json\/wp\/v2\/categories?post=438878"},{"taxonomy":"post_tag","embeddable":true,"href":"https:\/\/www.europesays.com\/fr\/wp-json\/wp\/v2\/tags?post=438878"}],"curies":[{"name":"wp","href":"https:\/\/api.w.org\/{rel}","templated":true}]}}