{"id":43888,"date":"2025-04-22T11:58:11","date_gmt":"2025-04-22T11:58:11","guid":{"rendered":"https:\/\/www.europesays.com\/fr\/43888\/"},"modified":"2025-04-22T11:58:11","modified_gmt":"2025-04-22T11:58:11","slug":"garde-a-vue-prolongee-pour-lagresseur-presume-de-larbitre-assistant","status":"publish","type":"post","link":"https:\/\/www.europesays.com\/fr\/43888\/","title":{"rendered":"garde \u00e0 vue prolong\u00e9e pour l\u2019agresseur pr\u00e9sum\u00e9 de l\u2019arbitre assistant"},"content":{"rendered":"<p>Dimanche, alors que les derni\u00e8res minutes de la premi\u00e8re p\u00e9riode se jouaient, un individu a jet\u00e9 un projectile sur la t\u00eate de l\u2019arbitre assistant de la rencontre ASSE-OL. Causant l\u2019arr\u00eat de la rencontre pendant 40 minutes.<\/p>\n<p>Appr\u00e9hend\u00e9 \u00e0 sa sortie du stade au pied de la tribune nord, ce supporter st\u00e9phanois de 28 ans, soup\u00e7onn\u00e9 d\u2019\u00eatre l\u2019auteur des faits, <a href=\"https:\/\/www.leprogres.fr\/sport\/2025\/04\/21\/un-supporter-stephanois-de-28-ans-en-garde-a-vue-apres-les-incidents-d-asse-ol\" target=\"_blank\" rel=\"noopener\">a \u00e9t\u00e9 plac\u00e9 en garde \u00e0 vue<\/a> dans la foul\u00e9e dans le cadre d\u2019une enqu\u00eate ouverte pour \u00ab\u00a0violence au sein d\u2019une enceinte sportive\u00a0\u00bb.<\/p>\n<p>Une garde \u00e0 vue prolong\u00e9e de 24 heures ce lundi soir.<\/p>\n<p>  Il a reconnu avoir lanc\u00e9 des objets<\/p>\n<p>Habitant \u00e0 Saint-\u00c9tienne, l\u2019homme n\u2019a jusque-l\u00e0 pas revendiqu\u00e9 d\u2019appartenance \u00e0 un quelconque groupe de supporters verts, ultras ou non, selon le parquet de Saint-\u00c9tienne.<\/p>\n<p>S\u2019il n\u2019a pas reconnu \u00eatre le responsable du projectile touchant Mehdi Rahmani, il a avou\u00e9 avoir lanc\u00e9 des objets en direction du terrain, selon nos informations. Il peut encourir jusqu\u2019\u00e0 trois ans de prison et 45\u00a0000\u00a0euros d\u2019amende.<\/p>\n<p>Dimanche soir, la F\u00e9d\u00e9ration Fran\u00e7aise de Football (FFF) s\u2019\u00e9tait fendue d\u2019un communiqu\u00e9 pour \u00ab\u00a0condamner avec fermet\u00e9 l\u2019agression intol\u00e9rable dont a \u00e9t\u00e9 victime l\u2019arbitre assistant\u00a0\u00bb de la rencontre. <a href=\"https:\/\/www.leprogres.fr\/sport\/2025\/04\/21\/un-individu-interpelle-apres-l-interruption-du-match-saint-etienne-lyon\" target=\"_blank\" rel=\"noopener\">Suivie rapidement par l\u2019ASSE<\/a> qui d\u00e9clarait \u00ab\u00a0avoir mis en place tous les moyens pour permettre d\u2019\u00e9tablir pr\u00e9cis\u00e9ment les faits \u00bb.<\/p>\n<p>L&rsquo;ASSE veut montrer l&rsquo;exemple<\/p>\n<p>Dans le clan st\u00e9phanois, on veut s\u00e9vir. Pour montrer l\u2019exemple, mais aussi patte blanche avant la commission de discipline de la Ligue de Football professionnel mercredi et aux yeux du minist\u00e8re de l\u2019Int\u00e9rieur avec qui une r\u00e9union est pr\u00e9vue prochainement dans le cadre des proc\u00e9dures de dissolution \u00e0 l\u2019encontre de ses groupes ultras (Magic Fans et Green Angels). Deux groupes qui, en l\u2019\u00e9tat, ne sont pas concern\u00e9s par ce fait de violence.<\/p>\n<p>Une interdiction de stade et une plainte<\/p>\n<p>Ainsi, l\u2019ASSE compte bien pouvoir utiliser l\u2019arme de l\u2019interdiction commerciale de stade qui permet d\u2019interdire de vendre des places \u00e0 une personne sur une dur\u00e9e de 18 mois, \u00e0 la suite desquels les clubs sont oblig\u00e9s d\u2019effacer les donn\u00e9es.<\/p>\n<p>L\u2019ASSE devrait \u00e9galement porter plainte ce mardi.<\/p>\n<p>Ce week-end, la rencontre entre Quevilly et le FC Rouen a \u00e9galement vu un arbitre assistant \u00eatre bless\u00e9 \u00e0 la t\u00eate.<\/p>\n<p>Pour rappel, dans pareil cas de figure, \u00e0 la suite de son match contre Lorient en novembre dernier, Bastia avait \u00e9cop\u00e9 d\u2019un match \u00e0 huis clos en plus de cinq matches \u00e0 huis clos partiel.<\/p>\n","protected":false},"excerpt":{"rendered":"Dimanche, alors que les derni\u00e8res minutes de la premi\u00e8re p\u00e9riode se jouaient, un individu a jet\u00e9 un projectile&hellip;\n","protected":false},"author":2,"featured_media":43889,"comment_status":"","ping_status":"","sticky":false,"template":"","format":"standard","meta":{"footnotes":""},"categories":[2],"tags":[11,4000,9840,7539,107,63,1011,27,7020,3367,12,2755,25,2429,4001,7538,517],"class_list":{"0":"post-43888","1":"post","2":"type-post","3":"status-publish","4":"format-standard","5":"has-post-thumbnail","7":"category-actualites","8":"tag-actualites","9":"tag-asse-as-saint-etienne-football","10":"tag-derby","11":"tag-edition-loire-sud","12":"tag-fil-info","13":"tag-football","14":"tag-fr","15":"tag-france","16":"tag-ligue-1-football","17":"tag-loire","18":"tag-news","19":"tag-ol-olympique-lyonnais-football","20":"tag-republique-francaise","21":"tag-rhone","22":"tag-saint-etienne","23":"tag-saint-etienne-ville","24":"tag-sport"},"share_on_mastodon":{"url":"https:\/\/pubeurope.com\/@fr\/114381501779952248","error":""},"_links":{"self":[{"href":"https:\/\/www.europesays.com\/fr\/wp-json\/wp\/v2\/posts\/43888","targetHints":{"allow":["GET"]}}],"collection":[{"href":"https:\/\/www.europesays.com\/fr\/wp-json\/wp\/v2\/posts"}],"about":[{"href":"https:\/\/www.europesays.com\/fr\/wp-json\/wp\/v2\/types\/post"}],"author":[{"embeddable":true,"href":"https:\/\/www.europesays.com\/fr\/wp-json\/wp\/v2\/users\/2"}],"replies":[{"embeddable":true,"href":"https:\/\/www.europesays.com\/fr\/wp-json\/wp\/v2\/comments?post=43888"}],"version-history":[{"count":0,"href":"https:\/\/www.europesays.com\/fr\/wp-json\/wp\/v2\/posts\/43888\/revisions"}],"wp:featuredmedia":[{"embeddable":true,"href":"https:\/\/www.europesays.com\/fr\/wp-json\/wp\/v2\/media\/43889"}],"wp:attachment":[{"href":"https:\/\/www.europesays.com\/fr\/wp-json\/wp\/v2\/media?parent=43888"}],"wp:term":[{"taxonomy":"category","embeddable":true,"href":"https:\/\/www.europesays.com\/fr\/wp-json\/wp\/v2\/categories?post=43888"},{"taxonomy":"post_tag","embeddable":true,"href":"https:\/\/www.europesays.com\/fr\/wp-json\/wp\/v2\/tags?post=43888"}],"curies":[{"name":"wp","href":"https:\/\/api.w.org\/{rel}","templated":true}]}}