{"id":438881,"date":"2025-10-04T15:23:26","date_gmt":"2025-10-04T15:23:26","guid":{"rendered":"https:\/\/www.europesays.com\/fr\/438881\/"},"modified":"2025-10-04T15:23:26","modified_gmt":"2025-10-04T15:23:26","slug":"lyon-la-folle-aventure-des-freres-montgolfier-aux-brotteaux-quand-la-toile-du-ballon-se-dechire","status":"publish","type":"post","link":"https:\/\/www.europesays.com\/fr\/438881\/","title":{"rendered":"Lyon. La folle aventure des Fr\u00e8res Montgolfier aux Brotteaux, quand la toile du ballon se d\u00e9chire"},"content":{"rendered":"<p>\u00c0 l\u2019arriv\u00e9e des Montgolfier \u00e0 Lyon, Monsieur de Flesselles r\u00e9unit des souscripteurs pour une exp\u00e9rience avec une \u00e9norme machine \u00e0 laquelle on doit suspendre un grand poids. Soulever un cheval, tel est le but de l\u2019op\u00e9ration. Cependant, les deux premiers voyages ayant enlev\u00e9 toute crainte quant au danger potentiel des exp\u00e9riences, tout le monde veut s\u2019envoler et conna\u00eetre le grand frisson.<\/p>\n<p>Pour cette nouvelle exp\u00e9rience, 30 \u00e0 40 personnes se sont d\u00e9j\u00e0 fait&#8230;<\/p>\n","protected":false},"excerpt":{"rendered":"\u00c0 l\u2019arriv\u00e9e des Montgolfier \u00e0 Lyon, Monsieur de Flesselles r\u00e9unit des souscripteurs pour une exp\u00e9rience avec une \u00e9norme&hellip;\n","protected":false},"author":2,"featured_media":438882,"comment_status":"","ping_status":"","sticky":false,"template":"","format":"standard","meta":{"footnotes":""},"categories":[1889],"tags":[1111,11,2430,2757,1777,674,1011,27,2428,2756,15108,12,25],"class_list":{"0":"post-438881","1":"post","2":"type-post","3":"status-publish","4":"format-standard","5":"has-post-thumbnail","7":"category-lyon","8":"tag-actu","9":"tag-actualites","10":"tag-auvergne-rhone-alpes","11":"tag-edition-lyon-villeurbanne","12":"tag-eu","13":"tag-europe","14":"tag-fr","15":"tag-france","16":"tag-lyon","17":"tag-lyon-bassin","18":"tag-magazine-lifestyle","19":"tag-news","20":"tag-republique-francaise"},"share_on_mastodon":{"url":"https:\/\/pubeurope.com\/@fr\/115316588881200128","error":""},"_links":{"self":[{"href":"https:\/\/www.europesays.com\/fr\/wp-json\/wp\/v2\/posts\/438881","targetHints":{"allow":["GET"]}}],"collection":[{"href":"https:\/\/www.europesays.com\/fr\/wp-json\/wp\/v2\/posts"}],"about":[{"href":"https:\/\/www.europesays.com\/fr\/wp-json\/wp\/v2\/types\/post"}],"author":[{"embeddable":true,"href":"https:\/\/www.europesays.com\/fr\/wp-json\/wp\/v2\/users\/2"}],"replies":[{"embeddable":true,"href":"https:\/\/www.europesays.com\/fr\/wp-json\/wp\/v2\/comments?post=438881"}],"version-history":[{"count":0,"href":"https:\/\/www.europesays.com\/fr\/wp-json\/wp\/v2\/posts\/438881\/revisions"}],"wp:featuredmedia":[{"embeddable":true,"href":"https:\/\/www.europesays.com\/fr\/wp-json\/wp\/v2\/media\/438882"}],"wp:attachment":[{"href":"https:\/\/www.europesays.com\/fr\/wp-json\/wp\/v2\/media?parent=438881"}],"wp:term":[{"taxonomy":"category","embeddable":true,"href":"https:\/\/www.europesays.com\/fr\/wp-json\/wp\/v2\/categories?post=438881"},{"taxonomy":"post_tag","embeddable":true,"href":"https:\/\/www.europesays.com\/fr\/wp-json\/wp\/v2\/tags?post=438881"}],"curies":[{"name":"wp","href":"https:\/\/api.w.org\/{rel}","templated":true}]}}