{"id":438885,"date":"2025-10-04T15:28:12","date_gmt":"2025-10-04T15:28:12","guid":{"rendered":"https:\/\/www.europesays.com\/fr\/438885\/"},"modified":"2025-10-04T15:28:12","modified_gmt":"2025-10-04T15:28:12","slug":"lemissaire-americain-pour-le-proche-orient-steve-witkoff-et-le-gendre-de-donald-trump-jared-kushner-en-egypte-pour-finaliser-les-discussions-sur-la-liberation-des-otages-a-gaza","status":"publish","type":"post","link":"https:\/\/www.europesays.com\/fr\/438885\/","title":{"rendered":"l\u2019\u00e9missaire am\u00e9ricain pour le Proche-Orient, Steve Witkoff, et le gendre de Donald Trump, Jared Kushner, en Egypte pour finaliser les discussions sur la lib\u00e9ration des otages \u00e0 Gaza"},"content":{"rendered":"<p>   Ankara annonce le retour de 36\u00a0citoyens turcs de la flottille pour Gaza              <\/p>\n<p class=\"post__live-container--answer-text post__space-node\">La Turquie a annonc\u00e9 que 36 de ses ressortissants devraient rentrer chez eux samedi apr\u00e8s-midi \u00e0 bord d\u2019un vol sp\u00e9cial, apr\u00e8s l\u2019interception par les forces isra\u00e9liennes de la flottille internationale d\u2019aide pour Gaza.<\/p>\n<p class=\"post__live-container--answer-text post__space-node\">\u00ab\u00a0Nous nous attendons \u00e0 ce que 36 de nos ressortissants qui se trouvaient \u00e0 bord des navires de la flottille Global Sumud intercept\u00e9s par les forces isra\u00e9liennes dans les eaux internationales rentrent dans notre pays cet apr\u00e8s-midi \u00e0 bord d\u2019un vol sp\u00e9cial\u00a0\u00bb, a d\u00e9clar\u00e9 sur X le porte-parole du minist\u00e8re des affaires \u00e9trang\u00e8res turc, \u00d6nc\u00fc Ke\u00e7eli, ajoutant que le nombre d\u00e9finitif n\u2019avait pas encore \u00e9t\u00e9 finalis\u00e9.<\/p>\n<p class=\"post__live-container--answer-text post__space-node\">Le porte-parole a ajout\u00e9 que des ressortissants de pays tiers devraient \u00e9galement se trouver \u00e0 bord de ce vol. Selon une source diplomatique turque, il s\u2019agirait de citoyens des Etats-Unis, des Emirats arabes unis, d\u2019Alg\u00e9rie, du Maroc, d\u2019Italie, du Kowe\u00eft, de Libye, de Malaisie, de Mauritanie, de Suisse, de Tunisie et de Jordanie.<\/p>\n<p class=\"post__live-container--answer-text post__space-node\">Parmi eux, 26 Italiens seront \u00e0 bord, a affirm\u00e9 sur le r\u00e9seau social X le ministre des affaires \u00e9trang\u00e8res italien, Antonio Tajani. \u00ab\u00a0Un premier groupe de 26 citoyens italiens, qui se trouvait \u00e0 bord de la flottille, est sur le point de quitter Isra\u00ebl \u00e0 bord d\u2019un vol charter\u00a0\u00bb, a-t-il \u00e9crit. \u00ab\u00a0Nous les avons plac\u00e9s sur un vol turc \u00e0 destination d\u2019Istanbul. Ils ont d\u00e9j\u00e0 \u00e9t\u00e9 transf\u00e9r\u00e9s \u00e0 la base a\u00e9rienne de Ramon et d\u00e9colleront de l\u2019a\u00e9roport d\u2019Eilat\u00a0\u00bb dans le sud d\u2019Isra\u00ebl, a-t-il ajout\u00e9.<\/p>\n<p class=\"post__live-container--answer-text post__space-node\">L\u2019interception de la flottille a suscit\u00e9 des r\u00e9actions cinglantes de certains pays comme la Turquie, qui a accus\u00e9 Isra\u00ebl de commettre \u00ab\u00a0un acte de terrorisme\u00a0\u00bb et d\u00e9clar\u00e9 jeudi avoir ouvert une enqu\u00eate apr\u00e8s l\u2019arrestation par les forces isra\u00e9liennes de citoyens turcs \u00e0 bord de la flottille.<\/p>\n","protected":false},"excerpt":{"rendered":"Ankara annonce le retour de 36\u00a0citoyens turcs de la flottille pour Gaza La Turquie a annonc\u00e9 que 36&hellip;\n","protected":false},"author":2,"featured_media":438886,"comment_status":"","ping_status":"","sticky":false,"template":"","format":"standard","meta":{"footnotes":""},"categories":[1888],"tags":[1111,1928,11,1927,1777,674,1011,27,12,1926,626,1925,25],"class_list":{"0":"post-438885","1":"post","2":"type-post","3":"status-publish","4":"format-standard","5":"has-post-thumbnail","7":"category-paris","8":"tag-actu","9":"tag-actu-paris","10":"tag-actualites","11":"tag-actualites-paris","12":"tag-eu","13":"tag-europe","14":"tag-fr","15":"tag-france","16":"tag-news","17":"tag-news-paris","18":"tag-paris","19":"tag-paris-news","20":"tag-republique-francaise"},"share_on_mastodon":{"url":"https:\/\/pubeurope.com\/@fr\/115316608602907778","error":""},"_links":{"self":[{"href":"https:\/\/www.europesays.com\/fr\/wp-json\/wp\/v2\/posts\/438885","targetHints":{"allow":["GET"]}}],"collection":[{"href":"https:\/\/www.europesays.com\/fr\/wp-json\/wp\/v2\/posts"}],"about":[{"href":"https:\/\/www.europesays.com\/fr\/wp-json\/wp\/v2\/types\/post"}],"author":[{"embeddable":true,"href":"https:\/\/www.europesays.com\/fr\/wp-json\/wp\/v2\/users\/2"}],"replies":[{"embeddable":true,"href":"https:\/\/www.europesays.com\/fr\/wp-json\/wp\/v2\/comments?post=438885"}],"version-history":[{"count":0,"href":"https:\/\/www.europesays.com\/fr\/wp-json\/wp\/v2\/posts\/438885\/revisions"}],"wp:featuredmedia":[{"embeddable":true,"href":"https:\/\/www.europesays.com\/fr\/wp-json\/wp\/v2\/media\/438886"}],"wp:attachment":[{"href":"https:\/\/www.europesays.com\/fr\/wp-json\/wp\/v2\/media?parent=438885"}],"wp:term":[{"taxonomy":"category","embeddable":true,"href":"https:\/\/www.europesays.com\/fr\/wp-json\/wp\/v2\/categories?post=438885"},{"taxonomy":"post_tag","embeddable":true,"href":"https:\/\/www.europesays.com\/fr\/wp-json\/wp\/v2\/tags?post=438885"}],"curies":[{"name":"wp","href":"https:\/\/api.w.org\/{rel}","templated":true}]}}