{"id":438887,"date":"2025-10-04T15:29:17","date_gmt":"2025-10-04T15:29:17","guid":{"rendered":"https:\/\/www.europesays.com\/fr\/438887\/"},"modified":"2025-10-04T15:29:17","modified_gmt":"2025-10-04T15:29:17","slug":"lacher-de-cochons-a-aime-giral-il-y-a-vingt-ans-la-premiere-mythique-des-rugbymen-du-stade-francais-en-rose","status":"publish","type":"post","link":"https:\/\/www.europesays.com\/fr\/438887\/","title":{"rendered":"\u00ab\u00a0L\u00e2cher de cochons \u00e0 Aim\u00e9-Giral\u00a0!\u00a0\u00bb\u00a0: il y a vingt ans, la premi\u00e8re mythique des rugbymen du Stade Fran\u00e7ais en rose"},"content":{"rendered":"<p class=\"paragraph text_align_left lp-f-body-02\">C\u2019\u00e9tait un dimanche soir. Le soleil se couchait sur la cit\u00e9 catalane, et dans la lumi\u00e8re des projecteurs du stade Aim\u00e9-Giral, une apparition a provoqu\u00e9 un frisson. Les Parisiens sont entr\u00e9s sur la pelouse, moul\u00e9s dans des maillots roses\u2026 Stupeur dans les tribunes. Puis tr\u00e8s vite, quelques sifflets, suivis de toutes sortes de quolibets. Ce 4 septembre 2005, lors du dernier match du week-end de cette troisi\u00e8me journ\u00e9e du Top 14, le Stade Fran\u00e7ais fait sensation.<\/p>\n<p class=\"paragraph text_align_left lp-f-body-02\">\u00c0 <a href=\"https:\/\/www.leparisien.fr\/sports\/rugby\/ils-vont-se-prendre-une-belle-bronca-aime-giral-le-stade-bouillant-de-perpignan-attend-le-stade-francais-10-05-2025-T7MGGIHFHZGBFPOWPRQGC5WCFA.php\" target=\"_blank\" rel=\"noreferrer nofollow noopener\">Perpignan, terre hostile au public volcanique<\/a>, arc-bout\u00e9 sur ses traditions, cette tenue rose \u00e9tonne et d\u00e9tonne. Devant sa t\u00e9l\u00e9vision, <a href=\"https:\/\/www.leparisien.fr\/sports\/rugby\/le-stade-francais-cetait-mon-enfant-max-guazzini-partage-ses-souvenirs-pour-les-140-ans-du-club-13-12-2023-PMOC755MLNHSZJGP3LMVTL6LOA.php\" target=\"_self\" rel=\"nofollow noopener\">Max Guazzini<\/a> l\u00e2che un juron. \u00ab Merde, ils font chier ! \u00bb Puis le pr\u00e9sident du club champion de France un an plus t\u00f4t sourit, mi-surpris, mi-ravi. Ses b\u00e9b\u00e9s roses vont faire le buzz c\u2019est s\u00fbr. <\/p>\n","protected":false},"excerpt":{"rendered":"C\u2019\u00e9tait un dimanche soir. Le soleil se couchait sur la cit\u00e9 catalane, et dans la lumi\u00e8re des projecteurs&hellip;\n","protected":false},"author":2,"featured_media":438888,"comment_status":"","ping_status":"","sticky":false,"template":"","format":"standard","meta":{"footnotes":""},"categories":[1888],"tags":[1111,1928,11,1927,1777,674,1011,27,12,1926,626,1925,25,479,60],"class_list":{"0":"post-438887","1":"post","2":"type-post","3":"status-publish","4":"format-standard","5":"has-post-thumbnail","7":"category-paris","8":"tag-actu","9":"tag-actu-paris","10":"tag-actualites","11":"tag-actualites-paris","12":"tag-eu","13":"tag-europe","14":"tag-fr","15":"tag-france","16":"tag-news","17":"tag-news-paris","18":"tag-paris","19":"tag-paris-news","20":"tag-republique-francaise","21":"tag-rugby","22":"tag-sports"},"share_on_mastodon":{"url":"https:\/\/pubeurope.com\/@fr\/115316612483247953","error":""},"_links":{"self":[{"href":"https:\/\/www.europesays.com\/fr\/wp-json\/wp\/v2\/posts\/438887","targetHints":{"allow":["GET"]}}],"collection":[{"href":"https:\/\/www.europesays.com\/fr\/wp-json\/wp\/v2\/posts"}],"about":[{"href":"https:\/\/www.europesays.com\/fr\/wp-json\/wp\/v2\/types\/post"}],"author":[{"embeddable":true,"href":"https:\/\/www.europesays.com\/fr\/wp-json\/wp\/v2\/users\/2"}],"replies":[{"embeddable":true,"href":"https:\/\/www.europesays.com\/fr\/wp-json\/wp\/v2\/comments?post=438887"}],"version-history":[{"count":0,"href":"https:\/\/www.europesays.com\/fr\/wp-json\/wp\/v2\/posts\/438887\/revisions"}],"wp:featuredmedia":[{"embeddable":true,"href":"https:\/\/www.europesays.com\/fr\/wp-json\/wp\/v2\/media\/438888"}],"wp:attachment":[{"href":"https:\/\/www.europesays.com\/fr\/wp-json\/wp\/v2\/media?parent=438887"}],"wp:term":[{"taxonomy":"category","embeddable":true,"href":"https:\/\/www.europesays.com\/fr\/wp-json\/wp\/v2\/categories?post=438887"},{"taxonomy":"post_tag","embeddable":true,"href":"https:\/\/www.europesays.com\/fr\/wp-json\/wp\/v2\/tags?post=438887"}],"curies":[{"name":"wp","href":"https:\/\/api.w.org\/{rel}","templated":true}]}}