{"id":438891,"date":"2025-10-04T15:31:16","date_gmt":"2025-10-04T15:31:16","guid":{"rendered":"https:\/\/www.europesays.com\/fr\/438891\/"},"modified":"2025-10-04T15:31:16","modified_gmt":"2025-10-04T15:31:16","slug":"rome-paris-barcelone-des-milliers-de-personnes-manifestent-en-soutien-avec-les-gazaouis","status":"publish","type":"post","link":"https:\/\/www.europesays.com\/fr\/438891\/","title":{"rendered":"Rome, Paris, Barcelone : des milliers de personnes manifestent en soutien avec les Gazaouis"},"content":{"rendered":"<p>\n  Par&amp;nbsp<b>Euronews<\/b>\n<\/p>\n<p>\n                    Publi\u00e9 le                 04\/10\/2025 &#8211; 17:13 UTC+2<br \/>\n                \u2022Mis \u00e0 jour<br \/>\n                                     17:18\n                                        <\/p>\n<p>          <img decoding=\"async\" class=\"c-ad__placeholder__logo\" src=\"https:\/\/static.euronews.com\/website\/images\/logos\/logo-euronews-stacked-outlined-72x72-grey-9.svg\" width=\"72\" height=\"72\" alt=\"\" loading=\"lazy\"\/><br \/>\n          PUBLICIT\u00c9<\/p>\n<p>Apr\u00e8s la gr\u00e8ve g\u00e9n\u00e9rale qui a mobilis\u00e9, selon le syndicat CGIL, environ<a href=\"https:\/\/it.euronews.com\/my-europe\/2025\/10\/03\/oggi-lo-sciopero-generale-per-gaza-e-la-flotilla-israele-libera-4-parlamentari-italiani\" target=\"_blank\" rel=\"noopener\"> <\/a>deux millions de personnes dans une centaine de localit\u00e9s, les Italiens ont poursuivi samedi les manifestations en solidarit\u00e9 avec les habitants de la bande de Gaza. <\/p>\n<p>Un rassemblement de soutien \u00e0 Rome a r\u00e9uni un million de personnes, selon les organisateurs. La police n&rsquo;a pas encore communiqu\u00e9 ses chiffres. <\/p>\n<p>Les marches propalestiniennes organis\u00e9es en Espagne ont \u00e9galement connu une forte participation. Plus de 300 000 personnes, selon les organisateurs, ont rempli les rues de Barcelone &#8211; 70 000, selon la police. <\/p>\n<p>Une manifestation en solidarit\u00e9 \u00ab\u00a0avec les Flottilles et la Palestine\u00a0\u00bb a eu lieu place de la R\u00e9publique, \u00e0 Paris. Plusieurs organisations de gauche \u00e9valuent le nombre de participants \u00e0 plusieurs milliers. <\/p>\n<p>Militants de la Flottille pr\u00e9sents \u00e0 Rome<\/p>\n<p>Outre les associations culturelles, les syndicats et les groupes d&rsquo;\u00e9tudiants, les<a href=\"https:\/\/it.euronews.com\/my-europe\/2025\/10\/04\/attivisti-della-flotilla-trattenuti-in-condizioni-disagevoli-farnesina-chiede-intervento-d\" target=\"_blank\" rel=\"noopener\"> <\/a>quatre parlementaires italiens, qui avaient embarqu\u00e9 sur l&rsquo;un des navires de la <a href=\"https:\/\/fr.euronews.com\/2025\/10\/01\/flottille-pour-gaza-des-militants-assurent-que-la-marine-israelienne-intercepte-des-navire\" target=\"_blank\" rel=\"noopener\"><strong>Global Sumud Flotilla<\/strong><\/a> et qui ont \u00e9t\u00e9 rapatri\u00e9s vendredi apr\u00e8s avoir \u00e9t\u00e9 arr\u00eat\u00e9s par Isra\u00ebl, participent \u00e9galement \u00e0 la manifestation.<\/p>\n<p>Parti du sud du centre-ville, le cort\u00e8ge rempli de drapeaux de la Palestine, de la paix, des syndicats et des mouvements \u00e9tudiants a travers\u00e9 la capitale, passant devant le Colis\u00e9e, pour atteindre la Piazza San Giovanni.<\/p>\n<p>Certains d\u00e9put\u00e9s du Parti d\u00e9mocrate ont d\u00e9nonc\u00e9 le fait que certains bus auraient \u00e9t\u00e9 arr\u00eat\u00e9s aux portes de Rome. Des fouilles ont \u00e9galement \u00e9t\u00e9 signal\u00e9es.<\/p>\n<p>Selon la pr\u00e9fecture de police, des masques \u00e0 gaz, des barres m\u00e9talliques et des matraques en bois auraient \u00e9t\u00e9 trouv\u00e9s dans certains v\u00e9hicules.<\/p>\n","protected":false},"excerpt":{"rendered":"Par&amp;nbspEuronews Publi\u00e9 le 04\/10\/2025 &#8211; 17:13 UTC+2 \u2022Mis \u00e0 jour 17:18 PUBLICIT\u00c9 Apr\u00e8s la gr\u00e8ve g\u00e9n\u00e9rale qui a&hellip;\n","protected":false},"author":2,"featured_media":438892,"comment_status":"","ping_status":"","sticky":false,"template":"","format":"standard","meta":{"footnotes":""},"categories":[1888],"tags":[11,4628,123,1777,674,1011,27,5643,452,12,626,25],"class_list":{"0":"post-438891","1":"post","2":"type-post","3":"status-publish","4":"format-standard","5":"has-post-thumbnail","7":"category-paris","8":"tag-actualites","9":"tag-bande-de-gaza","10":"tag-espagne","11":"tag-eu","12":"tag-europe","13":"tag-fr","14":"tag-france","15":"tag-guerre-israel-hamas","16":"tag-italie","17":"tag-news","18":"tag-paris","19":"tag-republique-francaise"},"share_on_mastodon":{"url":"https:\/\/pubeurope.com\/@fr\/115316620679838694","error":""},"_links":{"self":[{"href":"https:\/\/www.europesays.com\/fr\/wp-json\/wp\/v2\/posts\/438891","targetHints":{"allow":["GET"]}}],"collection":[{"href":"https:\/\/www.europesays.com\/fr\/wp-json\/wp\/v2\/posts"}],"about":[{"href":"https:\/\/www.europesays.com\/fr\/wp-json\/wp\/v2\/types\/post"}],"author":[{"embeddable":true,"href":"https:\/\/www.europesays.com\/fr\/wp-json\/wp\/v2\/users\/2"}],"replies":[{"embeddable":true,"href":"https:\/\/www.europesays.com\/fr\/wp-json\/wp\/v2\/comments?post=438891"}],"version-history":[{"count":0,"href":"https:\/\/www.europesays.com\/fr\/wp-json\/wp\/v2\/posts\/438891\/revisions"}],"wp:featuredmedia":[{"embeddable":true,"href":"https:\/\/www.europesays.com\/fr\/wp-json\/wp\/v2\/media\/438892"}],"wp:attachment":[{"href":"https:\/\/www.europesays.com\/fr\/wp-json\/wp\/v2\/media?parent=438891"}],"wp:term":[{"taxonomy":"category","embeddable":true,"href":"https:\/\/www.europesays.com\/fr\/wp-json\/wp\/v2\/categories?post=438891"},{"taxonomy":"post_tag","embeddable":true,"href":"https:\/\/www.europesays.com\/fr\/wp-json\/wp\/v2\/tags?post=438891"}],"curies":[{"name":"wp","href":"https:\/\/api.w.org\/{rel}","templated":true}]}}