{"id":438897,"date":"2025-10-04T15:34:15","date_gmt":"2025-10-04T15:34:15","guid":{"rendered":"https:\/\/www.europesays.com\/fr\/438897\/"},"modified":"2025-10-04T15:34:15","modified_gmt":"2025-10-04T15:34:15","slug":"francois-heisbourg-lempire-americain-entame-un-processus-de-suicide","status":"publish","type":"post","link":"https:\/\/www.europesays.com\/fr\/438897\/","title":{"rendered":"Fran\u00e7ois Heisbourg: \u00abL&#8217;empire am\u00e9ricain entame un processus de suicide\u00bb"},"content":{"rendered":"<p class=\"t-content__chapo\">\n                                                Apr\u00e8s un premier mandat \u00e0 la Maison Blanche qui lui a permis d\u2019entamer un profond changement dans les institutions am\u00e9ricaines, le deuxi\u00e8me mandat de Donald Trump \u00e0 la t\u00eate des \u00c9tats-Unis marque une rupture, tant au niveau de la politique int\u00e9rieure, qu\u2019en mati\u00e8re de politique internationale. En seulement quelques mois, celui qui r\u00eave d\u2019obtenir le Nobel de la paix a d\u00e9cid\u00e9 de prendre un virage \u00e0 180 degr\u00e9s. Une politique isolationniste qui pourrait bien s\u2019inscrire dans la dur\u00e9e, comme le d\u00e9taille dans son dernier ouvrage paru aux \u00e9ditions Odile Jacob, Le suicide de l\u2019Am\u00e9rique, de Fran\u00e7ois Heisbourg, conseiller sp\u00e9cial \u00e0 la Fondation pour la recherche strat\u00e9gique.                    <\/p>\n<p><img decoding=\"async\" fetchpriority=\"low\" src=\"https:\/\/www.europesays.com\/fr\/wp-content\/uploads\/2025\/10\/Fran\u00e7ois-Heisbourg-Le-suicide-de-l-Am\u00e9rique.jpg\"   width=\"1024\" height=\"576\" alt=\"\u00abLe suicide de l'Am\u00e9rique\u00bb, de Fran\u00e7ois Heisbourg aux \u00e9ditions Odile Jacob.\" loading=\"eager\" class=\"a-img \"\/><\/p>\n<p>                \u00abLe suicide de l&rsquo;Am\u00e9rique\u00bb, de Fran\u00e7ois Heisbourg aux \u00e9ditions Odile Jacob.                \u00a9 Odile Jacob            <\/p>\n<p class=\"a-read-more\">\u00c0 lire aussi<a target=\"_self\" href=\"https:\/\/www.rfi.fr\/fr\/podcasts\/livre-international\/20250927-l-atlantisme-est-mort-vive-l-europe-de-sylvain-kahn\" class=\"a-read-more__link\" rel=\"noopener\">\u00abL&rsquo;atlantisme est mort ? Vive l&rsquo;Europe !\u00bb de Sylvain Kahn<\/a><\/p>\n","protected":false},"excerpt":{"rendered":"Apr\u00e8s un premier mandat \u00e0 la Maison Blanche qui lui a permis d\u2019entamer un profond changement dans les&hellip;\n","protected":false},"author":2,"featured_media":438898,"comment_status":"","ping_status":"","sticky":false,"template":"","format":"standard","meta":{"footnotes":""},"categories":[1589],"tags":[11,782,75,73,1866,3258,12,1864,1865,1863,308],"class_list":{"0":"post-438897","1":"post","2":"type-post","3":"status-publish","4":"format-standard","5":"has-post-thumbnail","7":"category-etats-unis","8":"tag-actualites","9":"tag-ameriques","10":"tag-donald-trump","11":"tag-etats-unis","12":"tag-etats-unis-damerique","13":"tag-livre-international","14":"tag-news","15":"tag-united-states","16":"tag-united-states-of-america","17":"tag-us","18":"tag-usa"},"share_on_mastodon":{"url":"https:\/\/pubeurope.com\/@fr\/115316632665845968","error":""},"_links":{"self":[{"href":"https:\/\/www.europesays.com\/fr\/wp-json\/wp\/v2\/posts\/438897","targetHints":{"allow":["GET"]}}],"collection":[{"href":"https:\/\/www.europesays.com\/fr\/wp-json\/wp\/v2\/posts"}],"about":[{"href":"https:\/\/www.europesays.com\/fr\/wp-json\/wp\/v2\/types\/post"}],"author":[{"embeddable":true,"href":"https:\/\/www.europesays.com\/fr\/wp-json\/wp\/v2\/users\/2"}],"replies":[{"embeddable":true,"href":"https:\/\/www.europesays.com\/fr\/wp-json\/wp\/v2\/comments?post=438897"}],"version-history":[{"count":0,"href":"https:\/\/www.europesays.com\/fr\/wp-json\/wp\/v2\/posts\/438897\/revisions"}],"wp:featuredmedia":[{"embeddable":true,"href":"https:\/\/www.europesays.com\/fr\/wp-json\/wp\/v2\/media\/438898"}],"wp:attachment":[{"href":"https:\/\/www.europesays.com\/fr\/wp-json\/wp\/v2\/media?parent=438897"}],"wp:term":[{"taxonomy":"category","embeddable":true,"href":"https:\/\/www.europesays.com\/fr\/wp-json\/wp\/v2\/categories?post=438897"},{"taxonomy":"post_tag","embeddable":true,"href":"https:\/\/www.europesays.com\/fr\/wp-json\/wp\/v2\/tags?post=438897"}],"curies":[{"name":"wp","href":"https:\/\/api.w.org\/{rel}","templated":true}]}}