{"id":438901,"date":"2025-10-04T15:36:11","date_gmt":"2025-10-04T15:36:11","guid":{"rendered":"https:\/\/www.europesays.com\/fr\/438901\/"},"modified":"2025-10-04T15:36:11","modified_gmt":"2025-10-04T15:36:11","slug":"un-nouveau-deces-lie-au-bornavirus-signale-en-baviere","status":"publish","type":"post","link":"https:\/\/www.europesays.com\/fr\/438901\/","title":{"rendered":"Un nouveau d\u00e9c\u00e8s li\u00e9 au Bornavirus signal\u00e9 en Bavi\u00e8re"},"content":{"rendered":"<p>\t\t\tUne nouvelle personne est d\u00e9c\u00e9d\u00e9e en Bavi\u00e8re, dans le sud-est de l\u2019Allemagne, \u00e0 la suite d\u2019une infection par le Bornavirus, une maladie rare d\u00e9j\u00e0 \u00e0 l\u2019origine de deux d\u00e9c\u00e8s dans la r\u00e9gion durant l\u2019\u00e9t\u00e9, ont annonc\u00e9 les autorit\u00e9s locales.<\/p>\n<p style=\"text-align: justify;\">La victime, \u00e2g\u00e9e de 57 ans, est morte dans une clinique sans que davantage de d\u00e9tails ne soient fournis, tandis que l\u2019Office r\u00e9gional de la sant\u00e9 s\u2019efforce de d\u00e9terminer la cause exacte de l\u2019infection, selon la presse allemande qui cite les autorit\u00e9s de la Bavi\u00e8re.<\/p>\n<p style=\"text-align: justify;\">Pour l\u2019heure, il n\u2019est pas \u00e9tabli s\u2019il existe un lien direct entre ce nouveau cas et les d\u00e9c\u00e8s enregistr\u00e9s cet \u00e9t\u00e9. D\u2019apr\u00e8s l\u2019Office r\u00e9gional de la sant\u00e9, le Borna Disease Virus 1 (BoDV-1) est connu depuis longtemps comme maladie animale, mais n\u2019a \u00e9t\u00e9 identifi\u00e9 qu\u2019en 2018 comme cause d\u2019enc\u00e9phalites graves chez l\u2019\u00eatre humain.<\/p>\n<p style=\"text-align: justify;\"><a href=\"https:\/\/maroc-diplomatique.net\/italie-27-deces-lies-au-virus-du-nil-occidental-depuis-debut-2025\/\" rel=\"nofollow noopener\" target=\"_blank\">Lire aussi : Italie : 27 d\u00e9c\u00e8s li\u00e9s au virus du Nil occidental depuis d\u00e9but 2025<\/a><\/p>\n<p style=\"text-align: justify;\">Le virus est transmis par la musaraigne des champs, qui excr\u00e8te l\u2019agent pathog\u00e8ne par la salive, l\u2019urine, les d\u00e9jections et la peau, pouvant infecter des esp\u00e8ces comme les chevaux et le b\u00e9tail.<\/p>\n<p style=\"text-align: justify;\">Les experts recommandent d\u2019\u00e9loigner les musaraignes des habitations, de ne pas stocker de nourriture pour animaux \u00e0 l\u2019ext\u00e9rieur et de manipuler avec pr\u00e9caution toute musaraigne morte, en utilisant gants, masque et lunettes de protection.<\/p>\n<p style=\"text-align: justify;\">Selon l\u2019Institut Friedrich-Loeffler, comp\u00e9tent en mati\u00e8re de sant\u00e9 animale, le virus est pr\u00e9sent principalement en Bavi\u00e8re, en Saxe-Anhalt et dans le Brandebourg.<\/p>\n<p style=\"text-align: justify;\">Avec MAP<\/p>\n","protected":false},"excerpt":{"rendered":"Une nouvelle personne est d\u00e9c\u00e9d\u00e9e en Bavi\u00e8re, dans le sud-est de l\u2019Allemagne, \u00e0 la suite d\u2019une infection par&hellip;\n","protected":false},"author":2,"featured_media":438902,"comment_status":"","ping_status":"","sticky":false,"template":"","format":"standard","meta":{"footnotes":""},"categories":[1587],"tags":[11,672,28510,56592,1804,1805,3983,1803,1777,674,1801,12,1802],"class_list":{"0":"post-438901","1":"post","2":"type-post","3":"status-publish","4":"format-standard","5":"has-post-thumbnail","7":"category-allemagne","8":"tag-actualites","9":"tag-allemagne","10":"tag-baviere","11":"tag-bornavirus","12":"tag-bundesrepublik-deutschland","13":"tag-de","14":"tag-deces","15":"tag-deutschland","16":"tag-eu","17":"tag-europe","18":"tag-germany","19":"tag-news","20":"tag-republique-federale-dallemagne"},"share_on_mastodon":{"url":"https:\/\/pubeurope.com\/@fr\/115316640014102659","error":""},"_links":{"self":[{"href":"https:\/\/www.europesays.com\/fr\/wp-json\/wp\/v2\/posts\/438901","targetHints":{"allow":["GET"]}}],"collection":[{"href":"https:\/\/www.europesays.com\/fr\/wp-json\/wp\/v2\/posts"}],"about":[{"href":"https:\/\/www.europesays.com\/fr\/wp-json\/wp\/v2\/types\/post"}],"author":[{"embeddable":true,"href":"https:\/\/www.europesays.com\/fr\/wp-json\/wp\/v2\/users\/2"}],"replies":[{"embeddable":true,"href":"https:\/\/www.europesays.com\/fr\/wp-json\/wp\/v2\/comments?post=438901"}],"version-history":[{"count":0,"href":"https:\/\/www.europesays.com\/fr\/wp-json\/wp\/v2\/posts\/438901\/revisions"}],"wp:featuredmedia":[{"embeddable":true,"href":"https:\/\/www.europesays.com\/fr\/wp-json\/wp\/v2\/media\/438902"}],"wp:attachment":[{"href":"https:\/\/www.europesays.com\/fr\/wp-json\/wp\/v2\/media?parent=438901"}],"wp:term":[{"taxonomy":"category","embeddable":true,"href":"https:\/\/www.europesays.com\/fr\/wp-json\/wp\/v2\/categories?post=438901"},{"taxonomy":"post_tag","embeddable":true,"href":"https:\/\/www.europesays.com\/fr\/wp-json\/wp\/v2\/tags?post=438901"}],"curies":[{"name":"wp","href":"https:\/\/api.w.org\/{rel}","templated":true}]}}