{"id":438903,"date":"2025-10-04T15:37:11","date_gmt":"2025-10-04T15:37:11","guid":{"rendered":"https:\/\/www.europesays.com\/fr\/438903\/"},"modified":"2025-10-04T15:37:11","modified_gmt":"2025-10-04T15:37:11","slug":"championnats-deurope-demi-vollering-senvole-en-solitaire-pour-aller-chercher-le-titre","status":"publish","type":"post","link":"https:\/\/www.europesays.com\/fr\/438903\/","title":{"rendered":"championnats d&rsquo;Europe : Demi Vollering s&rsquo;envole en solitaire pour aller chercher le titre"},"content":{"rendered":"<p>Le grand public l\u2019avait laiss\u00e9e battue, <a href=\"https:\/\/www.laprovence.com\/article\/france-monde\/5676960525930714\/cyclisme-la-francaise-pauline-ferrand-prevot-remporte-le-tour-de-france\" target=\"_blank\" rel=\"noopener\">lessiv\u00e9e par Pauline Ferrand-Pr\u00e9vot sur le Tour de France femmes<\/a>, elle qui l\u2019avait pourtant remport\u00e9 en\u00a02023. La N\u00e9erlandaise Demi Vollering n\u2019avait pas \u00e9t\u00e9 plus heureuse lors des Mondiaux au Rwanda, la semaine derni\u00e8re, la faute \u00e0 une course trop calqu\u00e9e sur celle de \u00ab\u00a0PFP\u00a0\u00bb, encore.<\/p>\n<p>Alors cette fois, <a href=\"https:\/\/www.laprovence.com\/article\/sports\/7024166317312614\/cyclisme-pauline-ferrand-prevot-forfait-pour-les-championnats-deurope-en-drome-ardeche\" target=\"_blank\" rel=\"noopener\">en l\u2019absence de la Fran\u00e7aise<\/a> (et de la Suissesse Marlen Reusser, championne du monde et d\u2019Europe du chrono mais malade samedi matin et non partante), la double vainqueure de la Vuelta (2024, 2025) n\u2019a attendu personne et a d\u00e9marr\u00e9 \u00e0 plus de 40\u00a0km de l\u2019arriv\u00e9e, dans la longue mont\u00e9e de Saint-Romain-de-Lerps (6,8km \u00e0 7,3%), celle qui correspond le mieux \u00e0 ses qualit\u00e9s de grimpeuse, et personne n\u2019a pu s\u2019accrocher. M\u00eame pas l\u2019Italienne Elisa Longo Berghini, qui a bien essay\u00e9 et s\u2019est mise dans le rouge, au point de finir loin du podium.<\/p>\n<p>Vollering, elle, ne s\u2019est plus retourn\u00e9e, et l\u2019\u00e9cart n\u2019a fait que grandir avec la Polonaise Anna Niewiadoma, qui devait en plus tracter une autre N\u00e9erlandaise, Anna van der Breggen, et a au moins d\u00e9croch\u00e9 l\u2019argent.<\/p>\n<p><a href=\"https:\/\/www.laprovence.com\/article\/sports\/165425193210215\/cyclisme-championnats-deurope-sans-pauline-ferrand-prevot-les-bleues-doivent-se-reinventer\" target=\"_blank\" rel=\"noopener\">Et les Fran\u00e7aises, dans tout \u00e7a\u00a0?<\/a> Sans Pauline Ferrand-Pr\u00e9vot ni Ma\u00ebva Squiban, elles n\u2019ont jamais vraiment \u00e9t\u00e9 dans le coup malgr\u00e9 une grosse activit\u00e9 en d\u00e9but de course, et Juliette Labous n\u2019a pu que terminer dans le groupe des grandes battues du jour (8e), \u00e0 plus de 2\u201930 de Vollering.<\/p>\n","protected":false},"excerpt":{"rendered":"Le grand public l\u2019avait laiss\u00e9e battue, lessiv\u00e9e par Pauline Ferrand-Pr\u00e9vot sur le Tour de France femmes, elle qui&hellip;\n","protected":false},"author":2,"featured_media":438904,"comment_status":"","ping_status":"","sticky":false,"template":"","format":"standard","meta":{"footnotes":""},"categories":[1586],"tags":[17,11,3234,207,12082,9422,1777,674,1011,27,12,25,56594,11463,60,56593],"class_list":{"0":"post-438903","1":"post","2":"type-post","3":"status-publish","4":"format-standard","5":"has-post-thumbnail","7":"category-europe","8":"tag-17","9":"tag-actualites","10":"tag-championnats","11":"tag-cyclisme","12":"tag-deurope","13":"tag-demi","14":"tag-eu","15":"tag-europe","16":"tag-fr","17":"tag-france","18":"tag-news","19":"tag-republique-francaise","20":"tag-senvole","21":"tag-solitaire","22":"tag-sports","23":"tag-vollering"},"share_on_mastodon":{"url":"https:\/\/pubeurope.com\/@fr\/115316643863437758","error":""},"_links":{"self":[{"href":"https:\/\/www.europesays.com\/fr\/wp-json\/wp\/v2\/posts\/438903","targetHints":{"allow":["GET"]}}],"collection":[{"href":"https:\/\/www.europesays.com\/fr\/wp-json\/wp\/v2\/posts"}],"about":[{"href":"https:\/\/www.europesays.com\/fr\/wp-json\/wp\/v2\/types\/post"}],"author":[{"embeddable":true,"href":"https:\/\/www.europesays.com\/fr\/wp-json\/wp\/v2\/users\/2"}],"replies":[{"embeddable":true,"href":"https:\/\/www.europesays.com\/fr\/wp-json\/wp\/v2\/comments?post=438903"}],"version-history":[{"count":0,"href":"https:\/\/www.europesays.com\/fr\/wp-json\/wp\/v2\/posts\/438903\/revisions"}],"wp:featuredmedia":[{"embeddable":true,"href":"https:\/\/www.europesays.com\/fr\/wp-json\/wp\/v2\/media\/438904"}],"wp:attachment":[{"href":"https:\/\/www.europesays.com\/fr\/wp-json\/wp\/v2\/media?parent=438903"}],"wp:term":[{"taxonomy":"category","embeddable":true,"href":"https:\/\/www.europesays.com\/fr\/wp-json\/wp\/v2\/categories?post=438903"},{"taxonomy":"post_tag","embeddable":true,"href":"https:\/\/www.europesays.com\/fr\/wp-json\/wp\/v2\/tags?post=438903"}],"curies":[{"name":"wp","href":"https:\/\/api.w.org\/{rel}","templated":true}]}}