{"id":438905,"date":"2025-10-04T15:38:28","date_gmt":"2025-10-04T15:38:28","guid":{"rendered":"https:\/\/www.europesays.com\/fr\/438905\/"},"modified":"2025-10-04T15:38:28","modified_gmt":"2025-10-04T15:38:28","slug":"lunion-europeenne-peine-a-se-mettre-en-ordre-de-bataille-face-a-la-russie-liberation","status":"publish","type":"post","link":"https:\/\/www.europesays.com\/fr\/438905\/","title":{"rendered":"L\u2019Union europ\u00e9enne peine \u00e0 se mettre en ordre de bataille face \u00e0 la Russie &#8211; Lib\u00e9ration"},"content":{"rendered":"<ol>\n<li><a href=\"https:\/\/news.google.com\/rss\/articles\/CBMi7gFBVV95cUxPXzUzcTM1dkt1eXU3RkhqVU1pTGVLSHRoY2V0ZUV5Rkx5SXBybk81R08ta0dBQllTcDVacmhPUnNoUEprZGEtTG1WWFNHTENFbGtQMjczZ3ZQbUdxeUpDbEhqRE9qd0pxZHdNWUpwenVfN0FRYmVBRTJDeDQ3bUFfOHZEN1ZhZjNUWVdzUTFQeFd2VVlUeEFPNGhxcEkzTDJ2aWNJSzZGWTk4aTlrUFlTM1RrNzlPZmtMVndDV0xja2lUUkZLWWwwWkgwam5OU1ZLVnhwLXViWE5PSmxZaHY4Ti13U2RPV2dLQVBfd2x3?oc=5\" target=\"_blank\" rel=\"nofollow noopener\">L\u2019Union europ\u00e9enne peine \u00e0 se mettre en ordre de bataille face \u00e0 la Russie<\/a>&nbsp;&nbsp;Lib\u00e9ration<\/li>\n<li><a href=\"https:\/\/news.google.com\/rss\/articles\/CBMiqAJBVV95cUxQVHVWVzNaeWt6MWJBbGlUb2VGTGgxcmVWNUVNdFRTWWdrMFZkdzJQVU9YSVcyLUwxaUcwSzZheTFJUV9TYWpVUnhlV3FzY29JNEZENnFrNk9yZVVtMTU2Tk1XNlBSUUQ3djlPdmlHMUZhT2EwVk9WOTlJWk9HX09VNk1FbkxIUnlNb21vdVZtclpRdWttRzJhRExCYUFZMUc0TUVObUVZTkFMX0l4alFQTXJwclFFNjB1QVRDcFhlVU9iWGUwNXRSVkdyS2tKRXFOdEprOWV1UUIza0FoX2ZYa3FKWUVoMDRqYWQtZ2FzUWx0YjQ2Qk53RzNucXZVTjBMUmZoRXMyc0h1NlJxX3ZmcElCZjhNcnExYkRicjFJSml2RlZGTHY4Qw?oc=5\" target=\"_blank\" rel=\"nofollow noopener\">CARTE. Bases militaires, a\u00e9roports, palais pr\u00e9sidentiel : visualisez o\u00f9 des drones d&rsquo;origine inconnue ont \u00e9t\u00e9 signal\u00e9s en Europe ces derni\u00e8res semaines<\/a>&nbsp;&nbsp;France Info<\/li>\n<li><a href=\"https:\/\/news.google.com\/rss\/articles\/CBMi0AJBVV95cUxNdzF0Zk5hby1rSjZaR1lkNjVDZDNiSDEzMVdXX3FqSWJiTDdMT2E4ekVVU0t5Qy13dlRRanFxdWZfeVp5d3JRWHAwa2FSdTluc0M3LXpaLXU5LWQ2bzhVTnJnRGxqYTFCNlZsUk0xTUxoNnpUNkpSUmxBWGNockJRY2hjUzZCOFhnMUxsR2dXaWdxaEd1Yk91c3hyUy1mSURTZS1mVW8wQlFPUHNVQjc3X25TdE95emVTc05XVWJsNXZ6VmJDZnJfX0NBUTFCMFY3cWRrVGVkc3l4TWc0RVdqZVloY0Q0aWdHZmRETkF6RUQ5NGE2Y1dDMzRjdzNlbGp6NjBKVkJTMDNzTGkweC1pR0s5N01HVnhUUERLVVNyZDFaRXg0YnlSU09oX1JSYTdPWmhCOExGV0F2TFlpUmtka0UwdmtsdHhuV3JYeC1IUlc?oc=5\" target=\"_blank\" rel=\"nofollow noopener\">Drones suspects en Europe: pour Olivier De Bavinchove, ancien chef d&rsquo;\u00e9tat-major de la force internationale de l&rsquo;Otan, la France \u00ab\u00a0n&rsquo;est pas particuli\u00e8rement pr\u00e9serv\u00e9e\u00a0\u00bb<\/a>&nbsp;&nbsp;BFMTV<\/li>\n<li><a href=\"https:\/\/news.google.com\/rss\/articles\/CBMi2gFBVV95cUxPMVJOeHdkZVVqc1dIRjlCcFppS0MzZnoxdFZFeFBXNnI4OFRsQ1JFeGcwMEFjR3JHMlZ2dGxEUFJsWTBqaGJCSS1BeFphb2hhaXRKVG1vcTFRdUliZ28tVzBPWlZ2b2ozZ1phalJLVEVVY0NSNXdSUDdFUDdpekdWNzBfRUxZaVl6aVBnaFNxTnZUSEM2aDdyeHZWWUc0MzcxNUVNVWVtTVo0dUoySDRTWlZEOFdUQlBUMXIwYWhkVDZQdUI4UVVGcHkzd2RJb1Z0Z3gzT2NxZko0QQ?oc=5\" target=\"_blank\" rel=\"nofollow noopener\">Drones russes : l\u2019id\u00e9e d\u2019un \u201cmur antidrones\u201d d\u00e9j\u00e0 tu\u00e9e dans l\u2019\u0153uf par Macron, Merz et Meloni<\/a>&nbsp;&nbsp;Le Nouvel Obs<\/li>\n<li><a href=\"https:\/\/news.google.com\/rss\/articles\/CBMi_AFBVV95cUxNNXJtVnJEaUlIdmdFbnVLcjNVemtuS3A3YkEzaUNWU3ozRkhOZ0lNTHhfR2J3X2ZFRzhBN2plcXRWQjB3YVJIN2NPU3NiWFRLY2ZwMGZSWUh3ajZmZlB3SzE5dkNaaEstenhwVXZUcm5IeEJKckxFUEI0YTVySk9TcU9LY1dnRzdEQThwdTZNRFZuYmJaN3FBaUpnd0hmbFFhR0k1c2IwUm9pWDk2dnAzYWg5ZXpRVExxYXFyRXdmdGVSMDMwdE1NNnVDQ0JsTlBRYmczRFJESDZnblkyY0R6bUpGSkFMZFJUTks0bzUyLXI4SF9jUU0xMGZ5RXU?oc=5\" target=\"_blank\" rel=\"nofollow noopener\">Fermeture temporaire de l\u2019a\u00e9roport de Copenhague : les vid\u00e9os montraient-elles vraiment des drones<\/a>&nbsp;&nbsp;Lib\u00e9ration<\/li>\n<\/ol>\n","protected":false},"excerpt":{"rendered":"L\u2019Union europ\u00e9enne peine \u00e0 se mettre en ordre de bataille face \u00e0 la Russie&nbsp;&nbsp;Lib\u00e9ration CARTE. Bases militaires, a\u00e9roports,&hellip;\n","protected":false},"author":2,"featured_media":438906,"comment_status":"","ping_status":"","sticky":false,"template":"","format":"standard","meta":{"footnotes":""},"categories":[1586],"tags":[11,1777,674,1779,1011,27,1227,12,25,1778,364],"class_list":{"0":"post-438905","1":"post","2":"type-post","3":"status-publish","4":"format-standard","5":"has-post-thumbnail","7":"category-europe","8":"tag-actualites","9":"tag-eu","10":"tag-europe","11":"tag-european-union","12":"tag-fr","13":"tag-france","14":"tag-horizontal","15":"tag-news","16":"tag-republique-francaise","17":"tag-ue","18":"tag-union-europeenne"},"share_on_mastodon":{"url":"https:\/\/pubeurope.com\/@fr\/115316647822636717","error":""},"_links":{"self":[{"href":"https:\/\/www.europesays.com\/fr\/wp-json\/wp\/v2\/posts\/438905","targetHints":{"allow":["GET"]}}],"collection":[{"href":"https:\/\/www.europesays.com\/fr\/wp-json\/wp\/v2\/posts"}],"about":[{"href":"https:\/\/www.europesays.com\/fr\/wp-json\/wp\/v2\/types\/post"}],"author":[{"embeddable":true,"href":"https:\/\/www.europesays.com\/fr\/wp-json\/wp\/v2\/users\/2"}],"replies":[{"embeddable":true,"href":"https:\/\/www.europesays.com\/fr\/wp-json\/wp\/v2\/comments?post=438905"}],"version-history":[{"count":0,"href":"https:\/\/www.europesays.com\/fr\/wp-json\/wp\/v2\/posts\/438905\/revisions"}],"wp:featuredmedia":[{"embeddable":true,"href":"https:\/\/www.europesays.com\/fr\/wp-json\/wp\/v2\/media\/438906"}],"wp:attachment":[{"href":"https:\/\/www.europesays.com\/fr\/wp-json\/wp\/v2\/media?parent=438905"}],"wp:term":[{"taxonomy":"category","embeddable":true,"href":"https:\/\/www.europesays.com\/fr\/wp-json\/wp\/v2\/categories?post=438905"},{"taxonomy":"post_tag","embeddable":true,"href":"https:\/\/www.europesays.com\/fr\/wp-json\/wp\/v2\/tags?post=438905"}],"curies":[{"name":"wp","href":"https:\/\/api.w.org\/{rel}","templated":true}]}}