{"id":438914,"date":"2025-10-04T15:45:17","date_gmt":"2025-10-04T15:45:17","guid":{"rendered":"https:\/\/www.europesays.com\/fr\/438914\/"},"modified":"2025-10-04T15:45:17","modified_gmt":"2025-10-04T15:45:17","slug":"le-calendrier-les-plus-fortes-survivent","status":"publish","type":"post","link":"https:\/\/www.europesays.com\/fr\/438914\/","title":{"rendered":"\u00ab Le calendrier ? Les plus fortes survivent \u00bb"},"content":{"rendered":"<p>                <img decoding=\"async\" src=\"https:\/\/www.europesays.com\/fr\/wp-content\/uploads\/2025\/10\/kOJc.jpg\" fetchpriority=\"high\" alt=\"Zheng r\u00e9pond \u00e0 Swiatek : \u00ab Le calendrier ? Les plus fortes survivent \u00bb\"\/><\/p>\n<p>Le contraste est saisissant : quand Swiatek demande \u00e0 ce que les tournois soient moins nombreux, Zheng estime que la duret\u00e9 du calendrier fait partie int\u00e9grante du m\u00e9tier.<\/p>\n<p>Le d\u00e9bat autour du calendrier et du nombre de tournois impos\u00e9 est un d\u00e9bat sans fin. Iga Swiatek, l\u2019une des principales porte-paroles concernant le sujet, a exprim\u00e9 lundi son m\u00e9contentement concernant l\u2019obligation de participer \u00e0 certains tournois.<\/p>\n<p>Un avis qui n\u2019est pas partag\u00e9 par la 9e mondiale Qinwen Zheng, de retour \u00e0 la comp\u00e9tition \u00e0 P\u00e9kin. Bien que cette derni\u00e8re ait d\u00fb abandonner suite \u00e0 des douleurs ressenties au coude droit, elle affirme que le calendrier n\u2019est pas un probl\u00e8me majeur :<\/p>\n<p>\u00ab Cela fait partie du jeu. En tant que joueuse professionnelle, c\u2019est comme \u00e7a. Nous devons jouer beaucoup de tournois parce que c\u2019est ce qui est pr\u00e9vu dans le calendrier.<\/p>\n<p>Je pense qu\u2019ici, ma situation est diff\u00e9rente des autres. Je reviens d\u2019une op\u00e9ration et c\u2019\u00e9tait un peu pr\u00e9cipit\u00e9 pour moi de revenir.<\/p>\n<p>Mais c\u2019\u00e9tait une d\u00e9cision correcte pour voir o\u00f9 en \u00e9tait mon corps actuellement. Maintenant, je sais que jouer un troisi\u00e8me set et frapper autant de balles est encore un peu trop pour moi. Je ne pense pas que le calendrier soit trop charg\u00e9 pour les joueuses professionnelles. Les plus fortes survivent et c\u2019est la r\u00e8gle que je me suis fix\u00e9e. \u00bb<\/p>\n","protected":false},"excerpt":{"rendered":"Le contraste est saisissant : quand Swiatek demande \u00e0 ce que les tournois soient moins nombreux, Zheng estime&hellip;\n","protected":false},"author":2,"featured_media":438915,"comment_status":"","ping_status":"","sticky":false,"template":"","format":"standard","meta":{"footnotes":""},"categories":[1415],"tags":[1011,27,60,1467],"class_list":{"0":"post-438914","1":"post","2":"type-post","3":"status-publish","4":"format-standard","5":"has-post-thumbnail","7":"category-tennis","8":"tag-fr","9":"tag-france","10":"tag-sports","11":"tag-tennis"},"share_on_mastodon":{"url":"https:\/\/pubeurope.com\/@fr\/115316675339836829","error":""},"_links":{"self":[{"href":"https:\/\/www.europesays.com\/fr\/wp-json\/wp\/v2\/posts\/438914","targetHints":{"allow":["GET"]}}],"collection":[{"href":"https:\/\/www.europesays.com\/fr\/wp-json\/wp\/v2\/posts"}],"about":[{"href":"https:\/\/www.europesays.com\/fr\/wp-json\/wp\/v2\/types\/post"}],"author":[{"embeddable":true,"href":"https:\/\/www.europesays.com\/fr\/wp-json\/wp\/v2\/users\/2"}],"replies":[{"embeddable":true,"href":"https:\/\/www.europesays.com\/fr\/wp-json\/wp\/v2\/comments?post=438914"}],"version-history":[{"count":0,"href":"https:\/\/www.europesays.com\/fr\/wp-json\/wp\/v2\/posts\/438914\/revisions"}],"wp:featuredmedia":[{"embeddable":true,"href":"https:\/\/www.europesays.com\/fr\/wp-json\/wp\/v2\/media\/438915"}],"wp:attachment":[{"href":"https:\/\/www.europesays.com\/fr\/wp-json\/wp\/v2\/media?parent=438914"}],"wp:term":[{"taxonomy":"category","embeddable":true,"href":"https:\/\/www.europesays.com\/fr\/wp-json\/wp\/v2\/categories?post=438914"},{"taxonomy":"post_tag","embeddable":true,"href":"https:\/\/www.europesays.com\/fr\/wp-json\/wp\/v2\/tags?post=438914"}],"curies":[{"name":"wp","href":"https:\/\/api.w.org\/{rel}","templated":true}]}}