{"id":438916,"date":"2025-10-04T15:47:15","date_gmt":"2025-10-04T15:47:15","guid":{"rendered":"https:\/\/www.europesays.com\/fr\/438916\/"},"modified":"2025-10-04T15:47:15","modified_gmt":"2025-10-04T15:47:15","slug":"johann-zarco-decu-de-sa-course-sprint","status":"publish","type":"post","link":"https:\/\/www.europesays.com\/fr\/438916\/","title":{"rendered":"Johann Zarco d\u00e9\u00e7u de sa course sprint"},"content":{"rendered":"<p>Cette course sprint s\u2019est termin\u00e9e par une chute \u00e0 3 tours de la fin du GP d\u2019Indon\u00e9sie. Parti 18e, Johann Zarco n\u2019a pas r\u00e9ussi \u00e0 avoir les bonnes sensations avec sa moto malgr\u00e9 un bon d\u00e9part et quelques d\u00e9passements.\u00a0<\/p>\n<p><b>Une chute en fin de course<\/b><\/p>\n<p>A 3 tours de la fin, le pilote LCR Honda a chut\u00e9. Une perte de l\u2019avant, qui n\u2019est pas la premi\u00e8re du week-end. Le fran\u00e7ais avait d\u00e9j\u00e0 chut\u00e9 le vendredi lors des essais libres. \u201cJ&rsquo;\u00e9tais franchement tr\u00e8s content du d\u00e9part, j&rsquo;ai encore fait mon meilleur d\u00e9part de l&rsquo;ann\u00e9e. \u00c7a progresse l\u00e0-dessus, c&rsquo;est une bonne chose. J&rsquo;ai pu me faufiler sur les premiers tours. Je vois que les autres qui sont derri\u00e8re sont en difficult\u00e9 aussi, ils ont du mal \u00e0 freiner, ils ont du mal \u00e0 ralentir. Du coup, ils s&rsquo;\u00e9cartent et j&rsquo;ai pu \u00eatre assez malin.\u201d, explique-t-il via des propos relay\u00e9s par <a href=\"https:\/\/fr.motorsport.com\/motogp\/news\/zarco-periode-difficile-sans-moindre-solution-mandalika\/10764854\/\" rel=\"nofollow noopener\" target=\"_blank\">motorsport.com<\/a><\/p>\n<p>\u201cJ&rsquo;\u00e9tais content de gagner des places. J&rsquo;ai Joan Mir devant moi et je ne peux pas prendre le rythme sur les 1&rsquo;30&Prime;5, je bloque en 1&rsquo;31, au risque de tomber. Et en effet, je tombe au dernier virage.\u201d poursuit-il<\/p>\n<p>Avec cette nouvelle chute Zarco en est \u00e0 sa 26\u00e8me de la saison.\u00a0<\/p>\n<p>Malgr\u00e9 tout \u00e7a, Zarco reste confiant pour le grand prix de demain.\u201cMon objectif est de prendre des points demain, pour continuer \u00e0 aller devant l&rsquo;avant au championnat. Il faut que je sauve autant de points que possible demain.\u201d, conclut-il.\u00a0<\/p>\n<p>    Partagez cette info avec vos amis et vos proches en cliquant ici  <\/p>\n<p> Podcasts \u00e0 la une MEN LIFE <\/p>\n<p>    Pour r\u00e9sumer<\/p>\n<p>Johann Zarco s&rsquo;est exprim\u00e9 sur sa d\u00e9ception apr\u00e8s sa course sprint du GP d&rsquo;Indon\u00e9sie. Le pilote fran\u00e7ais \u00e0 chut\u00e9 dans le dernier virage 3 tours avant la fin de la course. Apr\u00e8s une qualification \u00e0 la 18e position, le fran\u00e7ais avait r\u00e9ussi \u00e0 prendre un bon d\u00e9part et se battre avec certains pilotes.<\/p>\n<p>R\u00e9dacteur<\/p>\n<p><img decoding=\"async\" width=\"76\" height=\"76\" loading=\"lazy\" src=\"https:\/\/www.europesays.com\/fr\/wp-content\/uploads\/2025\/04\/avatar-sport-am.png\" alt=\"Cylia Espiau\"\/><\/p>\n","protected":false},"excerpt":{"rendered":"Cette course sprint s\u2019est termin\u00e9e par une chute \u00e0 3 tours de la fin du GP d\u2019Indon\u00e9sie. Parti&hellip;\n","protected":false},"author":2,"featured_media":438917,"comment_status":"","ping_status":"","sticky":false,"template":"","format":"standard","meta":{"footnotes":""},"categories":[1413],"tags":[1011,27,1457,1456,60],"class_list":{"0":"post-438916","1":"post","2":"type-post","3":"status-publish","4":"format-standard","5":"has-post-thumbnail","7":"category-moto","8":"tag-fr","9":"tag-france","10":"tag-moto","11":"tag-motocycle","12":"tag-sports"},"share_on_mastodon":{"url":"https:\/\/pubeurope.com\/@fr\/115316683719135651","error":""},"_links":{"self":[{"href":"https:\/\/www.europesays.com\/fr\/wp-json\/wp\/v2\/posts\/438916","targetHints":{"allow":["GET"]}}],"collection":[{"href":"https:\/\/www.europesays.com\/fr\/wp-json\/wp\/v2\/posts"}],"about":[{"href":"https:\/\/www.europesays.com\/fr\/wp-json\/wp\/v2\/types\/post"}],"author":[{"embeddable":true,"href":"https:\/\/www.europesays.com\/fr\/wp-json\/wp\/v2\/users\/2"}],"replies":[{"embeddable":true,"href":"https:\/\/www.europesays.com\/fr\/wp-json\/wp\/v2\/comments?post=438916"}],"version-history":[{"count":0,"href":"https:\/\/www.europesays.com\/fr\/wp-json\/wp\/v2\/posts\/438916\/revisions"}],"wp:featuredmedia":[{"embeddable":true,"href":"https:\/\/www.europesays.com\/fr\/wp-json\/wp\/v2\/media\/438917"}],"wp:attachment":[{"href":"https:\/\/www.europesays.com\/fr\/wp-json\/wp\/v2\/media?parent=438916"}],"wp:term":[{"taxonomy":"category","embeddable":true,"href":"https:\/\/www.europesays.com\/fr\/wp-json\/wp\/v2\/categories?post=438916"},{"taxonomy":"post_tag","embeddable":true,"href":"https:\/\/www.europesays.com\/fr\/wp-json\/wp\/v2\/tags?post=438916"}],"curies":[{"name":"wp","href":"https:\/\/api.w.org\/{rel}","templated":true}]}}