{"id":438921,"date":"2025-10-04T15:50:13","date_gmt":"2025-10-04T15:50:13","guid":{"rendered":"https:\/\/www.europesays.com\/fr\/438921\/"},"modified":"2025-10-04T15:50:13","modified_gmt":"2025-10-04T15:50:13","slug":"le-match-des-vertes-en-direct-asse","status":"publish","type":"post","link":"https:\/\/www.europesays.com\/fr\/438921\/","title":{"rendered":"Le match des Vertes en direct &#8211; ASSE"},"content":{"rendered":"<ol>\n<li><a href=\"https:\/\/news.google.com\/rss\/articles\/CBMid0FVX3lxTFB5WWZfMm91UTlwYVNaaWhRemtTM3ZZd2lBUHlwTFhsdUVZWGN5MTJsdm1yb1dTWkxVeFJabW9xdXljT3VKSXJvQzdjUzQ1Q1pER3cwRG5RaEsxeTdEQy15TV9WQ01MdUhEN0luVVZRMTdLZEhtNUE0?oc=5\" target=\"_blank\" rel=\"nofollow noopener\">Le match des Vertes en direct<\/a>&nbsp;&nbsp;ASSE<\/li>\n<li><a href=\"https:\/\/news.google.com\/rss\/articles\/CBMiugFBVV95cUxQRHotSUNNWGt6aWo4MFFtMkdZV1JuUkN5SEczVklMQnBOOEpzbU9XZWdxaVB4YVdrOHcwZnJ3d0llNUNXMXIzMG16aVJtZnpDS21Rbk9sZVBCMy1yTmlnd190VTY3M3B6bFhtaDVLRDUzNlJiUHJxSUI5N0RacE92eUtjNnpnMTBNYUc2ZTY2Vm9oSklTdnZHQTFxQmtQUmdqMi1rM2xBc0s5OG80clJKbVo4M2VoeHpKR0E?oc=5\" target=\"_blank\" rel=\"nofollow noopener\">DIRECT. Saint-\u00c9tienne (F)-Marseille (F) (Arkema Premi\u00e8re Ligue (F) 2025-2026) en direct<\/a>&nbsp;&nbsp;L&rsquo;\u00c9quipe<\/li>\n<li><a href=\"https:\/\/news.google.com\/rss\/articles\/CBMizAFBVV95cUxQaklQcUx1NkhTZHdaTGhrSU5hdFdKbXlVQXhHX3BqYmVkX0NDR3VXV2VZUDA3MkQwUkVKaXMzTmY4V3ZXTHJhSGoxTUdDOTBlVTgtS3UxTE5Md25vYS1INjlsUmJIVFZnWjRaQWFPaEkzYjNqVkJnMGh6cHloVVhOdXdTQnVIbVF5clZFOVMwXzBuU3RvX3hzWkx2eTVtdGlTOTQ1anI1ZW44Ni11bUhlR0ZDWW95V0FJY05HbW1HOXJwSzVQWDJxUVNXR3g?oc=5\" target=\"_blank\" rel=\"nofollow noopener\">OM &#8211; D1 f\u00e9minine : les Marseillaises sont en qu\u00eate de points face \u00e0 Saint-\u00c9tienne<\/a>&nbsp;&nbsp;La Provence<\/li>\n<li><a href=\"https:\/\/news.google.com\/rss\/articles\/CBMikAFBVV95cUxQNWl6NjVhdWl2X2ROelBhWS0zV2s1THJ0MTJ3UFRGWjR3ajZCejJaR19YT3ZtSmE0NFlCcGttU0lWbDRiQXhfWkF1YXIzNE5NTjFzUjhtdzh6cHN0MkYydUdpcFhEV0sxM3R6d1NmTHMzdzBHUG8xa0p2d3VLOUVJbHlpZERDXy14YXJiQTZpbzM?oc=5\" target=\"_blank\" rel=\"nofollow noopener\">Football. Premi\u00e8re ligue : suivez ASSE-OM en direct vid\u00e9o<\/a>&nbsp;&nbsp;Le Progr\u00e8s<\/li>\n<li><a href=\"https:\/\/news.google.com\/rss\/articles\/CBMitAFBVV95cUxPUk1nRmNEY1RDVnc4THZ2ZFA0NkFUbG90aTRuMmRDRVVhMjlDS3k3S3RWVmNha0lhSzI2dHpjUGtmQ3lBS1M4b0ZJdGxLc1dhTTBiRzlnU1JDMWhoZ2pJNTlBckhJWmV6WmJlX2lGSWhuQUF6dktxcHlfR0VFQ0hDdjNSNE8xa2Q2QzZfSXpTV0VJSGRXT25JYU15TU1VWG9kYm1wc0pHMXd1a3V3TzhnQkZjR00?oc=5\" target=\"_blank\" rel=\"nofollow noopener\">Les Marseillaises veulent enfin lancer leur saison \u00e0 Saint-\u00c9tienne<\/a>&nbsp;&nbsp;Le Phoc\u00e9en<\/li>\n<\/ol>\n","protected":false},"excerpt":{"rendered":"Le match des Vertes en direct&nbsp;&nbsp;ASSE DIRECT. Saint-\u00c9tienne (F)-Marseille (F) (Arkema Premi\u00e8re Ligue (F) 2025-2026) en direct&nbsp;&nbsp;L&rsquo;\u00c9quipe OM&hellip;\n","protected":false},"author":2,"featured_media":438922,"comment_status":"","ping_status":"","sticky":false,"template":"","format":"standard","meta":{"footnotes":""},"categories":[1410],"tags":[63,1011,27,60],"class_list":{"0":"post-438921","1":"post","2":"type-post","3":"status-publish","4":"format-standard","5":"has-post-thumbnail","7":"category-football","8":"tag-football","9":"tag-fr","10":"tag-france","11":"tag-sports"},"share_on_mastodon":{"url":"https:\/\/pubeurope.com\/@fr\/115316694960134075","error":""},"_links":{"self":[{"href":"https:\/\/www.europesays.com\/fr\/wp-json\/wp\/v2\/posts\/438921","targetHints":{"allow":["GET"]}}],"collection":[{"href":"https:\/\/www.europesays.com\/fr\/wp-json\/wp\/v2\/posts"}],"about":[{"href":"https:\/\/www.europesays.com\/fr\/wp-json\/wp\/v2\/types\/post"}],"author":[{"embeddable":true,"href":"https:\/\/www.europesays.com\/fr\/wp-json\/wp\/v2\/users\/2"}],"replies":[{"embeddable":true,"href":"https:\/\/www.europesays.com\/fr\/wp-json\/wp\/v2\/comments?post=438921"}],"version-history":[{"count":0,"href":"https:\/\/www.europesays.com\/fr\/wp-json\/wp\/v2\/posts\/438921\/revisions"}],"wp:featuredmedia":[{"embeddable":true,"href":"https:\/\/www.europesays.com\/fr\/wp-json\/wp\/v2\/media\/438922"}],"wp:attachment":[{"href":"https:\/\/www.europesays.com\/fr\/wp-json\/wp\/v2\/media?parent=438921"}],"wp:term":[{"taxonomy":"category","embeddable":true,"href":"https:\/\/www.europesays.com\/fr\/wp-json\/wp\/v2\/categories?post=438921"},{"taxonomy":"post_tag","embeddable":true,"href":"https:\/\/www.europesays.com\/fr\/wp-json\/wp\/v2\/tags?post=438921"}],"curies":[{"name":"wp","href":"https:\/\/api.w.org\/{rel}","templated":true}]}}