{"id":438923,"date":"2025-10-04T15:51:21","date_gmt":"2025-10-04T15:51:21","guid":{"rendered":"https:\/\/www.europesays.com\/fr\/438923\/"},"modified":"2025-10-04T15:51:21","modified_gmt":"2025-10-04T15:51:21","slug":"prince-louis-ce-titre-tres-lourd-a-porter-dont-le-fils-cadet-de-kate-et-william-pourrait-bien-heriter","status":"publish","type":"post","link":"https:\/\/www.europesays.com\/fr\/438923\/","title":{"rendered":"Prince Louis\u00a0: ce titre tr\u00e8s lourd \u00e0 porter dont le fils cadet de Kate et William pourrait bien h\u00e9riter"},"content":{"rendered":"<p class=\"ap-StoryElement ap-StoryElement--mb ap-StoryText\">Des cinq membres que compte la famille de Galles, le prince Louis est souvent celui qui attire le plus les regards, lorsqu&rsquo;il est pr\u00e9sent. Et pour cause, du haut de ses sept ans, le petit gar\u00e7on sait se faire remarquer. D\u00e8s ses premi\u00e8res sorties officielles, Louis a conquis le c\u0153ur des observateurs par son comportement insouciant, rythm\u00e9 par ses nombreuses grimaces qui ont d\u00e9croch\u00e9 bien des sourires.<\/p>\n<p class=\"ap-StoryElement ap-StoryElement--mb ap-StoryText\">Petit dernier d&rsquo;une famille de trois enfants, le prince Louis figure derri\u00e8re ses a\u00een\u00e9s dans l&rsquo;ordre d&rsquo;accession au tr\u00f4ne britannique. Lorsque son p\u00e8re William deviendra roi, son fr\u00e8re George h\u00e9ritera certainement de son titre de prince de Galles. Quant \u00e0 sa s\u0153ur Charlotte, elle deviendra probablement princesse royale, \u00e0 l&rsquo;image de la princesse Anne aujourd&rsquo;hui, s\u0153ur du souverain actuel. Quant \u00e0 Louis, si les traditions familiales sont bien suivies, il pourrait se voir apposer un titre lourd de sens.<\/p>\n","protected":false},"excerpt":{"rendered":"Des cinq membres que compte la famille de Galles, le prince Louis est souvent celui qui attire le&hellip;\n","protected":false},"author":2,"featured_media":438924,"comment_status":"","ping_status":"","sticky":false,"template":"","format":"standard","meta":{"footnotes":""},"categories":[1359],"tags":[28153,58,56595,59,1011,27,1538,13286,17260,973,3935,7529,11933,46088],"class_list":{"0":"post-438923","1":"post","2":"type-post","3":"status-publish","4":"format-standard","5":"has-post-thumbnail","7":"category-people","8":"tag-charlotte","9":"tag-divertissement","10":"tag-duc-dyork","11":"tag-entertainment","12":"tag-fr","13":"tag-france","14":"tag-george","15":"tag-kate","16":"tag-louis","17":"tag-people","18":"tag-prince","19":"tag-prince-louis","20":"tag-titre","21":"tag-william"},"share_on_mastodon":{"url":"https:\/\/pubeurope.com\/@fr\/115316698844274453","error":""},"_links":{"self":[{"href":"https:\/\/www.europesays.com\/fr\/wp-json\/wp\/v2\/posts\/438923","targetHints":{"allow":["GET"]}}],"collection":[{"href":"https:\/\/www.europesays.com\/fr\/wp-json\/wp\/v2\/posts"}],"about":[{"href":"https:\/\/www.europesays.com\/fr\/wp-json\/wp\/v2\/types\/post"}],"author":[{"embeddable":true,"href":"https:\/\/www.europesays.com\/fr\/wp-json\/wp\/v2\/users\/2"}],"replies":[{"embeddable":true,"href":"https:\/\/www.europesays.com\/fr\/wp-json\/wp\/v2\/comments?post=438923"}],"version-history":[{"count":0,"href":"https:\/\/www.europesays.com\/fr\/wp-json\/wp\/v2\/posts\/438923\/revisions"}],"wp:featuredmedia":[{"embeddable":true,"href":"https:\/\/www.europesays.com\/fr\/wp-json\/wp\/v2\/media\/438924"}],"wp:attachment":[{"href":"https:\/\/www.europesays.com\/fr\/wp-json\/wp\/v2\/media?parent=438923"}],"wp:term":[{"taxonomy":"category","embeddable":true,"href":"https:\/\/www.europesays.com\/fr\/wp-json\/wp\/v2\/categories?post=438923"},{"taxonomy":"post_tag","embeddable":true,"href":"https:\/\/www.europesays.com\/fr\/wp-json\/wp\/v2\/tags?post=438923"}],"curies":[{"name":"wp","href":"https:\/\/api.w.org\/{rel}","templated":true}]}}