{"id":438925,"date":"2025-10-04T15:53:19","date_gmt":"2025-10-04T15:53:19","guid":{"rendered":"https:\/\/www.europesays.com\/fr\/438925\/"},"modified":"2025-10-04T15:53:19","modified_gmt":"2025-10-04T15:53:19","slug":"ramses-de-paris-plongee-romanesque-a-chateau-rouge","status":"publish","type":"post","link":"https:\/\/www.europesays.com\/fr\/438925\/","title":{"rendered":"\u00ab\u00a0Rams\u00e8s de Paris\u00a0\u00bb\u2004: plong\u00e9e romanesque \u00e0 Ch\u00e2teau Rouge"},"content":{"rendered":"<p>\t <img decoding=\"async\" src=\"https:\/\/www.europesays.com\/fr\/wp-content\/uploads\/2025\/04\/pdf.png\" alt=\"image_pdf\" title=\"Afficher le PDF\"\/><img decoding=\"async\" src=\"https:\/\/www.europesays.com\/fr\/wp-content\/uploads\/2025\/04\/print.png\" alt=\"image_print\" title=\"Contenu imprim\u00e9\"\/><\/p>\n<p>Pas de folklore \u00e0 deux <a href=\"https:\/\/www.reforme.net\/culture\/documentaire-france-afrique-le-divorce\/\" target=\"_blank\" rel=\"noopener\">francs CFA<\/a>, mais un grand sourire \u00e0 la vie\u2004; de l\u2019humour comme il n\u2019en est pas permis, constant, sans effet, l\u00e9ger. Quel d\u00e9lice que ce livre, que l\u2019on d\u00e9vore avec plus d\u2019app\u00e9tit qu\u2019un poulet de la rue Poulet. Rams\u00e8s de Paris, d\u00e9j\u00e0 deux mois d\u2019existence en librairie, ne doit pas vous manquer. Son auteur est Alain Mabanckou, c\u00e9l\u00e8bre \u00e9crivain franco-congolais, prolifique et tendre, usant de sa culture classique pour \u00e9largir le champ des possibles et construire au fil des ann\u00e9es des romans men\u00e9s tambour battant.<\/p>\n<p>Le narrateur est un jeune homme. Il se fait appeler Berado prince de Zamunda, vient de quitter sa ville natale, Pointe-Noire, et cherche \u00e0 Paris le moyen de s\u2019\u00e9panouir. Il ne se hausse pas du col, et d\u00e9daigne pour cela, lorsqu\u2019il amorce tout chapitre, les capitales d\u2019imprimeries. \u00ab\u2004non, bien s\u00fbr, je ne venais pas de Zamunda, cette contr\u00e9e qui n\u2019existait que dans des films am\u00e9ricains, c\u2019\u00e9tait leur Afrique fant\u00f4me dont ils \u00e9taient m\u00e9lancoliques matin midi et soir parce qu\u2019ils avaient tellement soif de d\u00e9couvrir qui \u00e9taient leurs anc\u00eatres muscl\u00e9s avant ces p\u00e9rip\u00e9ties de la traite n\u00e9gri\u00e8re et tenaient \u00e0 ce qu\u2019on leur confirme que s\u2019ils retournaient en Afrique ils se sentiraient peinards, il suffisait qu\u2019on leur assure aussi que la mouche ts\u00e9-ts\u00e9 n\u2019\u00e9tait qu\u2019une l\u00e9gende invent\u00e9e par les ma\u00eetres blancs, que leurs anc\u00eatres noirs\u2026\u2004\u00bb\u00a0\u2013 on arr\u00eate, souffle coup\u00e9 mais \u00e0 regret, ce paragraphe o\u00f9 les salles de classe de brousse, la Bible et le latin virevoltent avec des miroirs sans tain, Colombey-les-Deux-\u00c9glises et des buffles.<\/p>\n<p>Les affaires sont les affaires<\/p>\n<p>Une grande part de l\u2019action se d\u00e9roule dans ce quartier d\u2019or qui d\u00e9marre, sur les chapeaux de roue, boulevard Rochechouart et freine comme il peut boulevard Ornano. Les affaires d\u2019amour et les affaires tout court ont parfois des rat\u00e9s, les h\u00f4tels ne sont pas toujours des palaces, les b\u00e9n\u00e9fices incertains. Mais Berado rebondit, s\u00fbr de sa bonne \u00e9toile, heureux de nous tenir en haleine, anim\u00e9 d\u2019une belle \u00e9nergie. Le c\u0153ur ouvert.<\/p>\n<p>Alain Mabanckou, <strong>Rams\u00e8s de Paris<\/strong>, <a href=\"https:\/\/www.seuil.com\/ouvrage\/ramses-de-paris-alain-mabanckou\/9782021591859\" target=\"_blank\" rel=\"noopener\">Seuil<\/a>, 2025, 192\u2009p. 19,50\u2009\u20ac.<\/p>\n","protected":false},"excerpt":{"rendered":"Pas de folklore \u00e0 deux francs CFA, mais un grand sourire \u00e0 la vie\u2004; de l\u2019humour comme il&hellip;\n","protected":false},"author":2,"featured_media":438926,"comment_status":"","ping_status":"","sticky":false,"template":"","format":"standard","meta":{"footnotes":""},"categories":[1357],"tags":[879,1379,58,59,1011,27,1380,626,2004],"class_list":{"0":"post-438925","1":"post","2":"type-post","3":"status-publish","4":"format-standard","5":"has-post-thumbnail","7":"category-livres","8":"tag-afrique","9":"tag-books","10":"tag-divertissement","11":"tag-entertainment","12":"tag-fr","13":"tag-france","14":"tag-livres","15":"tag-paris","16":"tag-roman"},"share_on_mastodon":{"url":"https:\/\/pubeurope.com\/@fr\/115316707287903543","error":""},"_links":{"self":[{"href":"https:\/\/www.europesays.com\/fr\/wp-json\/wp\/v2\/posts\/438925","targetHints":{"allow":["GET"]}}],"collection":[{"href":"https:\/\/www.europesays.com\/fr\/wp-json\/wp\/v2\/posts"}],"about":[{"href":"https:\/\/www.europesays.com\/fr\/wp-json\/wp\/v2\/types\/post"}],"author":[{"embeddable":true,"href":"https:\/\/www.europesays.com\/fr\/wp-json\/wp\/v2\/users\/2"}],"replies":[{"embeddable":true,"href":"https:\/\/www.europesays.com\/fr\/wp-json\/wp\/v2\/comments?post=438925"}],"version-history":[{"count":0,"href":"https:\/\/www.europesays.com\/fr\/wp-json\/wp\/v2\/posts\/438925\/revisions"}],"wp:featuredmedia":[{"embeddable":true,"href":"https:\/\/www.europesays.com\/fr\/wp-json\/wp\/v2\/media\/438926"}],"wp:attachment":[{"href":"https:\/\/www.europesays.com\/fr\/wp-json\/wp\/v2\/media?parent=438925"}],"wp:term":[{"taxonomy":"category","embeddable":true,"href":"https:\/\/www.europesays.com\/fr\/wp-json\/wp\/v2\/categories?post=438925"},{"taxonomy":"post_tag","embeddable":true,"href":"https:\/\/www.europesays.com\/fr\/wp-json\/wp\/v2\/tags?post=438925"}],"curies":[{"name":"wp","href":"https:\/\/api.w.org\/{rel}","templated":true}]}}