{"id":438927,"date":"2025-10-04T15:54:52","date_gmt":"2025-10-04T15:54:52","guid":{"rendered":"https:\/\/www.europesays.com\/fr\/438927\/"},"modified":"2025-10-04T15:54:52","modified_gmt":"2025-10-04T15:54:52","slug":"benoit-dubois-les-cinquante-fait-une-grande-annonce-sur-les-reseaux-sociaux","status":"publish","type":"post","link":"https:\/\/www.europesays.com\/fr\/438927\/","title":{"rendered":"Benoit Dubois (Les Cinquante) fait une grande annonce sur les r\u00e9seaux sociaux"},"content":{"rendered":"<p class=\"articleContent-meta\">\n        Mardi 30 septembre 2025 \u00e0 12:00 &#8211; par             <a class=\"articleContent-metaAuthorsLink\" href=\"https:\/\/www.programme.tv\/auteur\/jessica-gajderowicz\/\" rel=\"nofollow noopener\" target=\"_blank\">Jessica Gajderowicz<\/a><\/p>\n<p>                    Tweeter<\/p>\n<p>                    Partager sur Facebook<\/p>\n<p>                        <img decoding=\"async\" src=\"https:\/\/www.europesays.com\/fr\/wp-content\/uploads\/2025\/10\/benoit-dubois-devoile-le-nombre-de-kilos-qu-il-a-perdus-durant-sa-participation-aux-apprentis-aventu.jpeg\" alt=\"Player Video\" class=\"player-applyRatio poster exclude-seedtag\"\/><\/p>\n<p>Qui dit nouvelle semaine dit nouveau d\u00e9part. Et c\u2019est dans cet \u00e9tat d\u2019esprit que Benoit Dubois a pris la parole pour annoncer qu\u2019il entamait une autre \u00e9tape de sa vie via un message \u00e9nigmatique publi\u00e9 ce lundi 29 septembre sur Instagram.<\/p>\n<p>Si Benoit Dubois s\u2019est fait plus discret ces derni\u00e8res ann\u00e9es en ce qui concerne les tournages de t\u00e9l\u00e9r\u00e9alit\u00e9, le public a pu retrouver l\u2019ancien secr\u00e9tiste dans diff\u00e9rents programmes en seulement quelques mois, puisqu\u2019il a encha\u00een\u00e9 Les Apprentis Aventuriers, La Villa des c\u0153urs bris\u00e9s 9 o\u00f9<a href=\"https:\/\/www.programme.tv\/news\/tele-realite\/235744-quelle-partie-du-corps-je-peux-te-mordre-benoit-dubois-la-villa-bientot-en-couple-il-se-rapproche-dun-pretendant\/\" rel=\"nofollow noopener\" target=\"_blank\"> plusieurs pr\u00e9tendants lui avaient fait tourner la t\u00eate<\/a>, The Cerveau, The Detective Club et actuellement dans la quatri\u00e8me saison des Cinquante. Il faut dire que <a href=\"https:\/\/www.programme.tv\/news\/tele-realite\/235457-je-suis-tres-heureux-et-impatient-benoit-dubois-la-villa-annonce-son-grand-retour-dans-les-mysteres-de-lamour\/\" rel=\"nofollow noopener\" target=\"_blank\">l\u2019ancien chroniqueur du Mag \u00e9tait concentr\u00e9 sur le tournage de la s\u00e9rie Les Myst\u00e8res de l\u2019amour,<\/a> m\u00eame s\u2019il jongle entre celui-ci et ceux des \u00e9missions de t\u00e9l\u00e9r\u00e9alit\u00e9.<\/p>\n<p>Benoit Dubois annonce un nouveau d\u00e9part<\/p>\n<p>Le mois de septembre touche \u00e0 sa fin, tout le monde a repris le travail et\/ou les cours. Mais \u00e0 l\u2019approche du mois d\u2019octobre, il semble que des changements attendent Benoit Dubois. \u00ab\u00a0Demain, une nouvelle \u00e9tape de ma vie commence. C\u2019est \u00e0 la fois la fin d\u2019un chapitre et le d\u00e9but d\u2019un autre, rempli de projets, d\u2019espoirs et d\u2019envies nouvelles\u00a0\u00bb, a-t-il commenc\u00e9. Mais ce moment l\u2019enchante \u00e9norm\u00e9ment \u00e0 en croire la suite de son message : \u00ab\u00a0Je choisis d\u2019accueillir ce changement avec confiance, gratitude et d\u00e9termination. Chaque \u00e9tape m\u2019a construit, celle-ci me fait grandir encore. Demain n\u2019est pas juste un jour de plus : c\u2019est le point de d\u00e9part d\u2019un nouveau chemin\u00a0\u00bb. Toutefois, les internautes sont intrigu\u00e9s par cette annonce \u00e9nigmatique qui ne pr\u00e9cise pas de quoi il s\u2019agit. \u00ab\u00a0Je n&rsquo;ai pas tout compris tu arr\u00eates quoi et Tu commences quoi ?? En tout cas bonne chance pour la suite\u00a0\u00bb, \u00ab\u00a0Myst\u00e9rieux message ou j&rsquo;ai rat\u00e9 un truc?\u00a0\u00bb, \u00ab\u00a0Du moment que tu restes digne, courageux et avec ta sinc\u00e9rit\u00e9 : tu peux tout faire et surtout faire de beaux projets\u00a0\u00bb, ont r\u00e9agi ses abonn\u00e9s \u00e0 ce sujet.<\/p>\n<p>                                Benoit Dubois victime d\u2019une agression<\/p>\n<p>Benoit Dubois a r\u00e9nov\u00e9 durant plusieurs mois sa maison de campagne. Mais il a notamment \u00e9t\u00e9<a href=\"https:\/\/www.programme.tv\/news\/tele-realite\/264590-cest-du-temps-du-travail-des-souvenirs-benoit-dubois-les-cinquante-encore-sous-le-choc-il-raconte-avoir-ete-victime-dune-agression\/\" rel=\"nofollow noopener\" target=\"_blank\"> cibl\u00e9 par une agression traumatisante \u00e0 Paris. <\/a>Il se pourrait que ces \u00e9v\u00e9nements soient des raisons de ce changement \u00e0 venir. Mais \u00e9tant adepte du bistouri, il se pourrait aussi que cela soit li\u00e9 \u00e0 un changement physique. En tout cas, une chose est s\u00fbre : il en dira plus tr\u00e8s prochainement.<\/p>\n<blockquote class=\"instagram-media\" data-instgrm-captioned=\"\" data-instgrm-permalink=\"https:\/\/www.instagram.com\/p\/DPMyZC0DAvo\/?utm_source=ig_embed&amp;utm_campaign=loading\" data-instgrm-version=\"14\" style=\" background:#FFF; border:0; border-radius:3px; box-shadow:0 0 1px 0 rgba(0,0,0,0.5),0 1px 10px 0 rgba(0,0,0,0.15); margin: 1px; max-width:658px; min-width:326px; padding:0; width:99.375%; width:-webkit-calc(100% - 2px); width:calc(100% - 2px);\"\/>\n<p>Article \u00e9crit en collaboration avec 6medias.<\/p>\n<p>Rejoignez-nous sur Google News !<\/p>\n<p class=\"articleContent-pushTagline\">Abonnez-vous \u00e0 <a href=\"https:\/\/news.google.com\/publications\/CAAiEJwr-IZFXDFoZD1ePbkC_VcqFAgKIhCcK_iGRVwxaGQ9Xj25Av1X\" rel=\"nofollow noopener\" target=\"_blank\">T\u00e9l\u00e9 2 semaines sur Google News<\/a> pour ne manquer aucune info !<\/p>\n<p><script async src=\"\/\/www.instagram.com\/embed.js\"><\/script><\/p>\n","protected":false},"excerpt":{"rendered":"Mardi 30 septembre 2025 \u00e0 12:00 &#8211; par Jessica Gajderowicz Tweeter Partager sur Facebook Qui dit nouvelle semaine&hellip;\n","protected":false},"author":2,"featured_media":438928,"comment_status":"","ping_status":"","sticky":false,"template":"","format":"standard","meta":{"footnotes":""},"categories":[1356],"tags":[2562,58,59,1011,27,2440,32608,23482,252,50015,1364],"class_list":{"0":"post-438927","1":"post","2":"type-post","3":"status-publish","4":"format-standard","5":"has-post-thumbnail","7":"category-television","8":"tag-annonce","9":"tag-divertissement","10":"tag-entertainment","11":"tag-fr","12":"tag-france","13":"tag-instagram","14":"tag-les-cinquante","15":"tag-nabilla-benattia","16":"tag-television","17":"tag-tu00e9lu00e9ru00e9alitu00e9","18":"tag-tv"},"share_on_mastodon":{"url":"https:\/\/pubeurope.com\/@fr\/115316714673667608","error":""},"_links":{"self":[{"href":"https:\/\/www.europesays.com\/fr\/wp-json\/wp\/v2\/posts\/438927","targetHints":{"allow":["GET"]}}],"collection":[{"href":"https:\/\/www.europesays.com\/fr\/wp-json\/wp\/v2\/posts"}],"about":[{"href":"https:\/\/www.europesays.com\/fr\/wp-json\/wp\/v2\/types\/post"}],"author":[{"embeddable":true,"href":"https:\/\/www.europesays.com\/fr\/wp-json\/wp\/v2\/users\/2"}],"replies":[{"embeddable":true,"href":"https:\/\/www.europesays.com\/fr\/wp-json\/wp\/v2\/comments?post=438927"}],"version-history":[{"count":0,"href":"https:\/\/www.europesays.com\/fr\/wp-json\/wp\/v2\/posts\/438927\/revisions"}],"wp:featuredmedia":[{"embeddable":true,"href":"https:\/\/www.europesays.com\/fr\/wp-json\/wp\/v2\/media\/438928"}],"wp:attachment":[{"href":"https:\/\/www.europesays.com\/fr\/wp-json\/wp\/v2\/media?parent=438927"}],"wp:term":[{"taxonomy":"category","embeddable":true,"href":"https:\/\/www.europesays.com\/fr\/wp-json\/wp\/v2\/categories?post=438927"},{"taxonomy":"post_tag","embeddable":true,"href":"https:\/\/www.europesays.com\/fr\/wp-json\/wp\/v2\/tags?post=438927"}],"curies":[{"name":"wp","href":"https:\/\/api.w.org\/{rel}","templated":true}]}}