{"id":438929,"date":"2025-10-04T15:56:13","date_gmt":"2025-10-04T15:56:13","guid":{"rendered":"https:\/\/www.europesays.com\/fr\/438929\/"},"modified":"2025-10-04T15:56:13","modified_gmt":"2025-10-04T15:56:13","slug":"voici-ou-celine-dion-habitait-pendant-la-pandemie-cest-au-quebec","status":"publish","type":"post","link":"https:\/\/www.europesays.com\/fr\/438929\/","title":{"rendered":"Voici o\u00f9 C\u00e9line Dion habitait pendant la pand\u00e9mie (c\u2019est au Qu\u00e9bec!)"},"content":{"rendered":"<p>On a eu des scoops sur <b>C\u00e9line Dion<\/b> et son amour pour le fast-food dans le nouvel \u00e9pisode de <b>Pop Pop Balado<\/b>!<\/p>\n<p>Les animateurs, passionn\u00e9s de musique et de <b>C\u00e9line<\/b>, ont discut\u00e9 du fait que la chanteuse \u00e9tait <a href=\"https:\/\/www.noovomoi.ca\/en-vedette\/article.celine-dion-a-montreal-voici-ou-se-trouve-sa-propriete.1.9528149.html?fbclid=IwY2xjawNI-YJleHRuA2FlbQIxMQABHqK3QIDyjTji3gx6esIEh958UkPa8tVvJnNs8hgn9Y6Y1vgBB5mRQUhz6o_2_aem_BW5xPb_dXDeXxbUZ-hZ-JQ\" rel=\"nofollow noopener\" target=\"_blank\">revenue vivre au Qu\u00e9bec pendant la pand\u00e9mie<\/a>. On vous avait d&rsquo;ailleurs parl\u00e9 de sa maison de Br\u00e9boeuf dans les Laurentides dans <b><a href=\"https:\/\/www.noovomoi.ca\/en-vedette\/celine-dion-retour-quebec-magazine-francais.html?fbclid=IwY2xjawNI-YJleHRuA2FlbQIxMQABHtNA6rtYbMZGC2OEVEsoQAo8EVpGM0NCX7Qf-SYK6aKa5mSE9H6kTKWF_RRa_aem_gZKyLvt7h4YT1ox4TNXezQ#:~:text=Dans%20sa%20qu%C3%AAte%20de%20gu%C3%A9rison,l%27article%20complet%20juste%20ici\" rel=\"nofollow noopener\" target=\"_blank\">cet article<\/a><\/b>.<\/p>\n<p>Cette fois-ci, on a eu plus de d\u00e9tails. <b><a href=\"https:\/\/www.noovomoi.ca\/en-vedette\/artistes\/celine-dion.html\" rel=\"nofollow noopener\" target=\"_blank\">C\u00e9line Dion<\/a><\/b> a bel et bien pass\u00e9 une grande partie du confinement dans sa demeure de Br\u00e9boeuf&#8230; et elle allait faire son \u00e9picerie elle-m\u00eame! Apparemment, les r\u00e9sidents avaient un grand respect pour sa vie priv\u00e9e et ne souhaitait pas propager la nouvelle.\u00a0<\/p>\n<p>De plus, <a href=\"https:\/\/www.noovomoi.ca\/en-vedette\/marie-josee-gauvin-quel-talent.html\" rel=\"nofollow noopener\" target=\"_blank\">Marie-Jos\u00e9e Gauvin<\/a> nous a appris que <b>C\u00e9line<\/b> a une grande passion pour les lani\u00e8res de poulet. De sources s\u00fbres, elle a confirm\u00e9 que l&rsquo;interpr\u00e8te de Taking Chances s&rsquo;en faisait livrer de Mont-Tremblant&#8230; toutes les semaines!<\/p>\n<p>Voici les potins des animateurs de <b><a href=\"https:\/\/www.iheart.com\/podcast\/1300-pop-pop-balado-292044667\/\" target=\"_blank\" rel=\"nofollow noopener\">Pop Pop Balado<\/a><\/b> sur la pr\u00e9sence de C\u00e9line au Qu\u00e9bec pendant la pand\u00e9mie:<\/p>\n","protected":false},"excerpt":{"rendered":"On a eu des scoops sur C\u00e9line Dion et son amour pour le fast-food dans le nouvel \u00e9pisode&hellip;\n","protected":false},"author":2,"featured_media":438930,"comment_status":"","ping_status":"","sticky":false,"template":"","format":"standard","meta":{"footnotes":""},"categories":[1355],"tags":[7043,58,59,1011,27,2142,1361,873,7810],"class_list":{"0":"post-438929","1":"post","2":"type-post","3":"status-publish","4":"format-standard","5":"has-post-thumbnail","7":"category-musique","8":"tag-celine-dion","9":"tag-divertissement","10":"tag-entertainment","11":"tag-fr","12":"tag-france","13":"tag-maison","14":"tag-music","15":"tag-musique","16":"tag-quebec"},"share_on_mastodon":{"url":"https:\/\/pubeurope.com\/@fr\/115316718573598031","error":""},"_links":{"self":[{"href":"https:\/\/www.europesays.com\/fr\/wp-json\/wp\/v2\/posts\/438929","targetHints":{"allow":["GET"]}}],"collection":[{"href":"https:\/\/www.europesays.com\/fr\/wp-json\/wp\/v2\/posts"}],"about":[{"href":"https:\/\/www.europesays.com\/fr\/wp-json\/wp\/v2\/types\/post"}],"author":[{"embeddable":true,"href":"https:\/\/www.europesays.com\/fr\/wp-json\/wp\/v2\/users\/2"}],"replies":[{"embeddable":true,"href":"https:\/\/www.europesays.com\/fr\/wp-json\/wp\/v2\/comments?post=438929"}],"version-history":[{"count":0,"href":"https:\/\/www.europesays.com\/fr\/wp-json\/wp\/v2\/posts\/438929\/revisions"}],"wp:featuredmedia":[{"embeddable":true,"href":"https:\/\/www.europesays.com\/fr\/wp-json\/wp\/v2\/media\/438930"}],"wp:attachment":[{"href":"https:\/\/www.europesays.com\/fr\/wp-json\/wp\/v2\/media?parent=438929"}],"wp:term":[{"taxonomy":"category","embeddable":true,"href":"https:\/\/www.europesays.com\/fr\/wp-json\/wp\/v2\/categories?post=438929"},{"taxonomy":"post_tag","embeddable":true,"href":"https:\/\/www.europesays.com\/fr\/wp-json\/wp\/v2\/tags?post=438929"}],"curies":[{"name":"wp","href":"https:\/\/api.w.org\/{rel}","templated":true}]}}