{"id":43894,"date":"2025-04-22T12:03:07","date_gmt":"2025-04-22T12:03:07","guid":{"rendered":"https:\/\/www.europesays.com\/fr\/43894\/"},"modified":"2025-04-22T12:03:07","modified_gmt":"2025-04-22T12:03:07","slug":"arthur-fils-est-le-futur-visage-du-tennis-pour-boris-becker","status":"publish","type":"post","link":"https:\/\/www.europesays.com\/fr\/43894\/","title":{"rendered":"Arthur Fils est \u00able futur visage du tennis\u00bb pour Boris Becker"},"content":{"rendered":"<p>L\u2019ancien n\u00b01 mondial a avou\u00e9 \u00eatre \u00abfan\u00bb du n\u00b01 fran\u00e7ais.<\/p>\n<p class=\"fig-paragraph\">Semaine apr\u00e8s semaine,\u00a0<a href=\"http:\/\/www.lefigaro.fr\/sports\/tennis\/tennis-arthur-fils-s-incline-une-nouvelle-fois-contre-carlos-alcaraz-a-barcelone-20250419\" data-fig-type=\"NewsFlash\" data-gtm-custom-categorie=\"navigation\" data-gtm-custom-action=\"crossclick\" data-gtm-custom-label=\"Contextuel\" data-gtm-event=\"customEventSPE\" data-fig-domain=\"LEFIGARO\" target=\"_blank\" rel=\"noopener\">Arthur Fils<\/a>\u00a0s\u2019affirme. Quart de finaliste \u00e0 Indian Wells, Miami et Monte-Carlo, le n\u00b01 fran\u00e7ais (14e au classement ATP) a atteint les demi-finales \u00e0 Barcelone (stopp\u00e9 par Carlos Alcaraz). Sa polyvalence et sa marge de progression n\u2019ont pas \u00e9chapp\u00e9 \u00e0 Boris Becker.<\/p>\n<p class=\"fig-paragraph\">En marge des troph\u00e9es Laureus World Sport Awards, l\u2019ancien n\u00b01 mondial, vainqueur de 6 titres du Grand Chelem (Wimbledon 1985, 1986, 1989, Open d\u2019Australie 1991, 1996, US Open 1989) a, dans des propos rapport\u00e9s par\u00a0<a href=\"https:\/\/rmcsport.bfmtv.com\/tennis\/atp\/le-futur-visage-du-tennis-boris-becker-adoube-arthur-fils_AV-202504220322.html\" target=\"_blank\" rel=\"nofollow noopener\" data-gtm-custom-categorie=\"navigation\" data-gtm-custom-action=\"crossclick\" data-gtm-custom-label=\"Contextuel\" data-gtm-event=\"customEventSPE\">RMC<\/a>\u00a0assur\u00e9\u00a0: \u00ab Je suis particuli\u00e8rement fan d\u2019Arthur Fils. Il a un jeu complet. Je vois en lui le futur visage du tennis. J\u2019aime sa progression chaque ann\u00e9e et il n\u2019a que 20 ans.\u00a0\u00bb<\/p>\n<p class=\"fig-paragraph\">Carlos Alcaraz qui reste sur 2 succ\u00e8s contre le Fran\u00e7ais (\u00e0 Monte-Carlo, puis Barcelone) a r\u00e9cemment avou\u00e9\u00a0: \u00ab \u00c0 Monte-Carlo (l\u2019Espagnol s\u2019est impos\u00e9 4-6, 7-5, 6-3), j\u2019ai jou\u00e9 avec lui pour la premi\u00e8re fois et j\u2019ai quitt\u00e9 le court stup\u00e9fait. Je savais qu\u2019il avait un tr\u00e8s bon niveau, mais j\u2019ai \u00e9t\u00e9 stup\u00e9fait par la force, le physique, le niveau qu\u2019Arthur peut atteindre.\u00a0\u00bb<\/p>\n","protected":false},"excerpt":{"rendered":"L\u2019ancien n\u00b01 mondial a avou\u00e9 \u00eatre \u00abfan\u00bb du n\u00b01 fran\u00e7ais. Semaine apr\u00e8s semaine,\u00a0Arthur Fils\u00a0s\u2019affirme. Quart de finaliste \u00e0&hellip;\n","protected":false},"author":2,"featured_media":43895,"comment_status":"","ping_status":"","sticky":false,"template":"","format":"standard","meta":{"footnotes":""},"categories":[1415],"tags":[47,4169,525,1981,4178,4179,1011,27,1114,3996,4177,4176,4174,4175,1980,4171,60,1467,4172,4173,4170],"class_list":{"0":"post-43894","1":"post","2":"type-post","3":"status-publish","4":"format-standard","5":"has-post-thumbnail","7":"category-tennis","8":"tag-actualite","9":"tag-atp","10":"tag-calendrier","11":"tag-classement","12":"tag-coupe-davis","13":"tag-fed-cup","14":"tag-fr","15":"tag-france","16":"tag-infos","17":"tag-jeux-olympiques","18":"tag-masters-1000","19":"tag-masters-500","20":"tag-masters-series","21":"tag-open-daustralie","22":"tag-resultats","23":"tag-roland-garros","24":"tag-sports","25":"tag-tennis","26":"tag-us-open","27":"tag-wimbledon","28":"tag-wta"},"share_on_mastodon":{"url":"https:\/\/pubeurope.com\/@fr\/114381521054390078","error":""},"_links":{"self":[{"href":"https:\/\/www.europesays.com\/fr\/wp-json\/wp\/v2\/posts\/43894","targetHints":{"allow":["GET"]}}],"collection":[{"href":"https:\/\/www.europesays.com\/fr\/wp-json\/wp\/v2\/posts"}],"about":[{"href":"https:\/\/www.europesays.com\/fr\/wp-json\/wp\/v2\/types\/post"}],"author":[{"embeddable":true,"href":"https:\/\/www.europesays.com\/fr\/wp-json\/wp\/v2\/users\/2"}],"replies":[{"embeddable":true,"href":"https:\/\/www.europesays.com\/fr\/wp-json\/wp\/v2\/comments?post=43894"}],"version-history":[{"count":0,"href":"https:\/\/www.europesays.com\/fr\/wp-json\/wp\/v2\/posts\/43894\/revisions"}],"wp:featuredmedia":[{"embeddable":true,"href":"https:\/\/www.europesays.com\/fr\/wp-json\/wp\/v2\/media\/43895"}],"wp:attachment":[{"href":"https:\/\/www.europesays.com\/fr\/wp-json\/wp\/v2\/media?parent=43894"}],"wp:term":[{"taxonomy":"category","embeddable":true,"href":"https:\/\/www.europesays.com\/fr\/wp-json\/wp\/v2\/categories?post=43894"},{"taxonomy":"post_tag","embeddable":true,"href":"https:\/\/www.europesays.com\/fr\/wp-json\/wp\/v2\/tags?post=43894"}],"curies":[{"name":"wp","href":"https:\/\/api.w.org\/{rel}","templated":true}]}}