{"id":438943,"date":"2025-10-04T16:03:13","date_gmt":"2025-10-04T16:03:13","guid":{"rendered":"https:\/\/www.europesays.com\/fr\/438943\/"},"modified":"2025-10-04T16:03:13","modified_gmt":"2025-10-04T16:03:13","slug":"les-images-impressionnantes-dun-spectacle-de-drones-qui-vire-a-la-pluie-de-feu-et-seme-la-panique","status":"publish","type":"post","link":"https:\/\/www.europesays.com\/fr\/438943\/","title":{"rendered":"Les images impressionnantes d\u2019un spectacle de drones qui vire \u00e0 la pluie de feu et s\u00e8me la panique"},"content":{"rendered":"<p>Les images sont impressionnantes. Ce vendredi, un spectacle nocturne de <a href=\"https:\/\/www.20minutes.fr\/monde\/drone\/\" class=\"c-link c-link--is-underlined\" target=\"_blank\" rel=\"noopener\">drones<\/a>, donn\u00e9 \u00e0 l\u2019occasion de la f\u00eate nationale, a vir\u00e9 \u00e0 la catastrophe \u00e0 Liuyang, dans le Hunan, une province du centre de la <a href=\"https:\/\/www.20minutes.fr\/dossier\/chine\" class=\"c-link c-link--is-underlined\" target=\"_blank\" rel=\"noopener\">Chine<\/a>.<\/p>\n<p>En plein spectacle, suivi par des centaines, peut-\u00eatre des milliers, de spectateurs, les drones qui dessinaient des figures dans le ciel et projetaient des <a href=\"https:\/\/www.20minutes.fr\/dossier\/feu_d_artifice\" class=\"c-link c-link--is-underlined\" target=\"_blank\" rel=\"noopener\">feux d\u2019artifice<\/a> ont dysfonctionn\u00e9 et ont lib\u00e9r\u00e9 des engins pyrotechniques trop t\u00f4t faisant tomber des morceaux incandescents juste au-dessus de la foule, provoquant une v\u00e9ritable pluie de feu sur la colline qu\u2019ils surplombaient.<\/p>\n<p class=\"mb-xxl@xs color-ultramarine font-weight-semi-bold@xs font-source-serif-pro heading-s@xs\">L\u2019acc\u00e8s \u00e0 ce contenu a \u00e9t\u00e9 bloqu\u00e9 afin de respecter votre choix de consentement<\/p>\n<p class=\"mb-m@xs text-l@xs\">En cliquant sur\u00ab J\u2019accepte \u00bb, vous acceptez le d\u00e9p\u00f4t de cookies par des services externes et aurez ainsi acc\u00e8s aux contenus de nos partenaires.<\/p>\n<p class=\"mb-xl@xs text-s@xs\">Plus d\u2019informations sur la page<a href=\"https:\/\/www.20minutes.fr\/gestion-cookies\" class=\"mx-xxs@xs color-ultramarine\" target=\"_blank\" rel=\"noopener\">Politique de gestion des cookies<\/a><\/p>\n<p>J\u2019accepteAucun bless\u00e9 selon les autorit\u00e9s<\/p>\n<p>Les images circulant sur Internet, on peut m\u00eame constater que les braises et \u00e9tincelles tombent sur la foule et provoquent plusieurs d\u00e9buts d\u2019<a href=\"https:\/\/www.20minutes.fr\/dossier\/incendie\" class=\"c-link c-link--is-underlined\" target=\"_blank\" rel=\"noopener\">incendies<\/a>.<\/p>\n<p>Selon les autorit\u00e9s chinoises, ces derniers ont \u00e9t\u00e9 rapidement ma\u00eetris\u00e9s et aucun bless\u00e9 n\u2019est \u00e0 d\u00e9plorer.<\/p>\n","protected":false},"excerpt":{"rendered":"Les images sont impressionnantes. Ce vendredi, un spectacle nocturne de drones, donn\u00e9 \u00e0 l\u2019occasion de la f\u00eate nationale,&hellip;\n","protected":false},"author":2,"featured_media":438944,"comment_status":"","ping_status":"","sticky":false,"template":"","format":"standard","meta":{"footnotes":""},"categories":[5],"tags":[47,11,7183,309,564,1312,16701,1011,27,1310,14,74,12,4459,3140,28],"class_list":{"0":"post-438943","1":"post","2":"type-post","3":"status-publish","4":"format-standard","5":"has-post-thumbnail","7":"category-international","8":"tag-actualite","9":"tag-actualites","10":"tag-catastrophe","11":"tag-chine","12":"tag-drone","13":"tag-feu","14":"tag-feu-dartifice","15":"tag-fr","16":"tag-france","17":"tag-incendie","18":"tag-international","19":"tag-monde","20":"tag-news","21":"tag-pluie","22":"tag-spectacle","23":"tag-world"},"share_on_mastodon":{"url":"https:\/\/pubeurope.com\/@fr\/115316746132496195","error":""},"_links":{"self":[{"href":"https:\/\/www.europesays.com\/fr\/wp-json\/wp\/v2\/posts\/438943","targetHints":{"allow":["GET"]}}],"collection":[{"href":"https:\/\/www.europesays.com\/fr\/wp-json\/wp\/v2\/posts"}],"about":[{"href":"https:\/\/www.europesays.com\/fr\/wp-json\/wp\/v2\/types\/post"}],"author":[{"embeddable":true,"href":"https:\/\/www.europesays.com\/fr\/wp-json\/wp\/v2\/users\/2"}],"replies":[{"embeddable":true,"href":"https:\/\/www.europesays.com\/fr\/wp-json\/wp\/v2\/comments?post=438943"}],"version-history":[{"count":0,"href":"https:\/\/www.europesays.com\/fr\/wp-json\/wp\/v2\/posts\/438943\/revisions"}],"wp:featuredmedia":[{"embeddable":true,"href":"https:\/\/www.europesays.com\/fr\/wp-json\/wp\/v2\/media\/438944"}],"wp:attachment":[{"href":"https:\/\/www.europesays.com\/fr\/wp-json\/wp\/v2\/media?parent=438943"}],"wp:term":[{"taxonomy":"category","embeddable":true,"href":"https:\/\/www.europesays.com\/fr\/wp-json\/wp\/v2\/categories?post=438943"},{"taxonomy":"post_tag","embeddable":true,"href":"https:\/\/www.europesays.com\/fr\/wp-json\/wp\/v2\/tags?post=438943"}],"curies":[{"name":"wp","href":"https:\/\/api.w.org\/{rel}","templated":true}]}}