{"id":438948,"date":"2025-10-04T16:06:12","date_gmt":"2025-10-04T16:06:12","guid":{"rendered":"https:\/\/www.europesays.com\/fr\/438948\/"},"modified":"2025-10-04T16:06:12","modified_gmt":"2025-10-04T16:06:12","slug":"un-preavis-de-greve-depose-au-conservatoire-massenet","status":"publish","type":"post","link":"https:\/\/www.europesays.com\/fr\/438948\/","title":{"rendered":"un pr\u00e9avis de gr\u00e8ve d\u00e9pos\u00e9 au conservatoire Massenet"},"content":{"rendered":"<p>\u00ab\u00a0Ordre, contre-ordre\u2026 c\u2019est toute une organisation qui dysfonctionne.\u00a0\u00bb Depuis quelques mois, les violons ne sont plus accord\u00e9s au conservatoire Jules-Massenet. Le syndicat FO3 a d\u00e9pos\u00e9, en d\u00e9but de semaine, un pr\u00e9avis de gr\u00e8ve pour mercredi 8\u00a0octobre. \u00ab\u00a0Les agents ne trouvent pas leur place, les directives ne sont pas claires et ils ne savent pas ce qu\u2019ils doivent faire\u00a0\u00bb, d\u00e9plore Olivier Karagueuzian, secr\u00e9taire g\u00e9n\u00e9ral de FO3.<\/p>\n<p>Il y a un an et demi, le d\u00e9part simultan\u00e9 de deux membres de la direction a marqu\u00e9 un \u00ab\u00a0point de&#8230;<\/p>\n","protected":false},"excerpt":{"rendered":"\u00ab\u00a0Ordre, contre-ordre\u2026 c\u2019est toute une organisation qui dysfonctionne.\u00a0\u00bb Depuis quelques mois, les violons ne sont plus accord\u00e9s au&hellip;\n","protected":false},"author":2,"featured_media":438949,"comment_status":"","ping_status":"","sticky":false,"template":"","format":"standard","meta":{"footnotes":""},"categories":[9653],"tags":[1111,11,2430,9671,7539,1777,674,1011,27,3367,12,25,4001,7538,801],"class_list":{"0":"post-438948","1":"post","2":"type-post","3":"status-publish","4":"format-standard","5":"has-post-thumbnail","7":"category-saint-etienne","8":"tag-actu","9":"tag-actualites","10":"tag-auvergne-rhone-alpes","11":"tag-conflit-social","12":"tag-edition-loire-sud","13":"tag-eu","14":"tag-europe","15":"tag-fr","16":"tag-france","17":"tag-loire","18":"tag-news","19":"tag-republique-francaise","20":"tag-saint-etienne","21":"tag-saint-etienne-ville","22":"tag-social"},"share_on_mastodon":{"url":"https:\/\/pubeurope.com\/@fr\/115316758120659327","error":""},"_links":{"self":[{"href":"https:\/\/www.europesays.com\/fr\/wp-json\/wp\/v2\/posts\/438948","targetHints":{"allow":["GET"]}}],"collection":[{"href":"https:\/\/www.europesays.com\/fr\/wp-json\/wp\/v2\/posts"}],"about":[{"href":"https:\/\/www.europesays.com\/fr\/wp-json\/wp\/v2\/types\/post"}],"author":[{"embeddable":true,"href":"https:\/\/www.europesays.com\/fr\/wp-json\/wp\/v2\/users\/2"}],"replies":[{"embeddable":true,"href":"https:\/\/www.europesays.com\/fr\/wp-json\/wp\/v2\/comments?post=438948"}],"version-history":[{"count":0,"href":"https:\/\/www.europesays.com\/fr\/wp-json\/wp\/v2\/posts\/438948\/revisions"}],"wp:featuredmedia":[{"embeddable":true,"href":"https:\/\/www.europesays.com\/fr\/wp-json\/wp\/v2\/media\/438949"}],"wp:attachment":[{"href":"https:\/\/www.europesays.com\/fr\/wp-json\/wp\/v2\/media?parent=438948"}],"wp:term":[{"taxonomy":"category","embeddable":true,"href":"https:\/\/www.europesays.com\/fr\/wp-json\/wp\/v2\/categories?post=438948"},{"taxonomy":"post_tag","embeddable":true,"href":"https:\/\/www.europesays.com\/fr\/wp-json\/wp\/v2\/tags?post=438948"}],"curies":[{"name":"wp","href":"https:\/\/api.w.org\/{rel}","templated":true}]}}