{"id":438956,"date":"2025-10-04T16:11:57","date_gmt":"2025-10-04T16:11:57","guid":{"rendered":"https:\/\/www.europesays.com\/fr\/438956\/"},"modified":"2025-10-04T16:11:57","modified_gmt":"2025-10-04T16:11:57","slug":"toulon-a-tranche-pour-lavenir-de-baptiste-serin-et-ben-white","status":"publish","type":"post","link":"https:\/\/www.europesays.com\/fr\/438956\/","title":{"rendered":"Toulon a tranch\u00e9 pour l&rsquo;avenir de Baptiste Serin et Ben White"},"content":{"rendered":"<p style=\"text-align: justify;\"><strong>TRANSFERTS RUGBY \u2013 Baptiste Serin et le RC Toulon, l\u2019histoire devrait se poursuivre. Le demi de m\u00eal\u00e9e international devrait prolonger la semaine prochaine dans le Var, comme son comparse Ben White.\u00a0<\/strong><\/p>\n<p style=\"text-align: justify;\">Apr\u00e8s l\u2019\u00e9chec <strong>Tommaso Menoncello<\/strong>, le RC Toulon devrait r\u00e9ussir \u00e0 conserver au moins l\u2019un de ses cadres. Selon les informations de <a href=\"https:\/\/www.lequipe.fr\/Rugby\/Actualites\/Baptiste-serin-bien-parti-pour-prolonger-avec-toulon\/1598987\" target=\"_blank\" rel=\"noopener\">L\u2019\u00c9quipe<\/a>, <a href=\"https:\/\/dicodusport.fr\/blog\/transferts-toulon-le-cv-de-baptiste-serin-circule-en-top-14\/\" target=\"_blank\" rel=\"noopener\"><strong>Baptiste Serin<\/strong><\/a> devrait prolonger sur la Rade la semaine prochaine. \u00c0 31 ans, l\u2019international fran\u00e7ais (46 s\u00e9lections) \u00e9tait en fin de contrat l\u2019\u00e9t\u00e9 prochain.<\/p>\n<p><a href=\"https:\/\/dicodusport.fr\/blog\/transferts-rc-toulon-2025-arrivees-departs-et-prolongations\/\" class=\"vlp-link\" title=\"Transferts RC Toulon 2025 : Recrues, d\u00e9parts et prolongations\" target=\"_blank\" rel=\"noopener\"><img loading=\"lazy\" decoding=\"async\" style=\"max-width: 792px;\" width=\"792\" height=\"445\" class=\"attachment-800x445 size-800x445 perfmatters-lazy\" alt=\"Transferts Rugby Garry Ringrose, Mathis Fert\u00e9, Karim Ghezal, les infos du jeudi 5 d\u00e9cembre\" src=\"https:\/\/www.europesays.com\/fr\/wp-content\/uploads\/2025\/07\/Transferts-Rugby-Garry-Ringrose-Mathis-Ferte-Karim-Ghezal-les-infos-du-jeudi-5-decembre.png\"  data-\/><\/p>\n<p>Transferts RC Toulon 2025 : Recrues, d\u00e9parts et prolongations<\/p>\n<p>Arriv\u00e9es, d\u00e9parts et prolongations au RC Toulon<\/p>\n<p>Lire l&rsquo;article<\/p>\n<p>dicodusport.fr<\/p>\n<p>Montpellier \u00e9galement int\u00e9ress\u00e9 par Baptiste Serin<\/p>\n<p style=\"text-align: justify;\">Une prolongation de trois ans est \u00e9voqu\u00e9e par L\u2019\u00c9quipe. Montpellier avait \u00e9galement montr\u00e9 son int\u00e9r\u00eat pour <strong>Baptiste Serin<\/strong>, mais le num\u00e9ro 9 a d\u00e9cid\u00e9 de rester \u00e0 Toulon. Arriv\u00e9 en 2019 dans le Var, Serin est l\u2019un des hommes de base du dispositif toulonnais. Avec d\u00e9j\u00e0 quatre titularisations cette saison, il demeure un cadre incontournable pour <strong>Pierre Mignoni<\/strong>. Et Toulon a d\u00e9cid\u00e9 de miser sur la stabilit\u00e9.<\/p>\n<p style=\"text-align: justify;\">Un autre demi de m\u00eal\u00e9e a confirm\u00e9 qu\u2019il resterait la saison prochaine : <strong>Ben White<\/strong>. L\u2019international anglais de 27 ans, arriv\u00e9 en 2023, aurait trouv\u00e9 un accord pour deux ann\u00e9es suppl\u00e9mentaires. \u00c0 d\u00e9faut de <strong>Tommaso Menoncello<\/strong>, en route vers le Stade Toulousain, Toulon conserve <strong>Serin<\/strong> et <strong>White<\/strong>, sa doublure, au sein de l\u2019effectif de <strong>Pierre Mignoni<\/strong>.<\/p>\n<p>\u00c0 lire aussi<br \/>\n<a href=\"https:\/\/dicodusport.fr\/blog\/transferts-tommaso-menoncello-refuse-toulon-pour-un-autre-club-de-top-14\/\" class=\"vlp-link\" title=\"Transferts : Tommaso Menoncello refuse Toulon pour un autre club de Top 14\" target=\"_blank\" rel=\"noopener\"><img loading=\"lazy\" decoding=\"async\" style=\"max-width: 792px;\" width=\"792\" height=\"445\" class=\"attachment-800x445 size-800x445 perfmatters-lazy\" alt=\"\" src=\"https:\/\/www.europesays.com\/fr\/wp-content\/uploads\/2025\/10\/Transferts-Tommaso-Menoncello-refuse-Toulon-pour-un-autre-club-de-Top-14-1.png\"  data-\/><\/p>\n<p>Transferts : Tommaso Menoncello refuse Toulon pour un autre club de Top 14<\/p>\n<p>TRANSFERTS RUGBY &#8211; Selon L&rsquo;\u00c9quipe, Tommaso Menoncello s&rsquo;est engag\u00e9 avec le Stade Toulousain malgr\u00e9 l&rsquo;offensive du RC Toulon.<\/p>\n<p>Lire l&rsquo;article<\/p>\n<p>dicodusport.fr<\/p>\n","protected":false},"excerpt":{"rendered":"TRANSFERTS RUGBY \u2013 Baptiste Serin et le RC Toulon, l\u2019histoire devrait se poursuivre. Le demi de m\u00eal\u00e9e international&hellip;\n","protected":false},"author":2,"featured_media":438957,"comment_status":"","ping_status":"","sticky":false,"template":"","format":"standard","meta":{"footnotes":""},"categories":[9619],"tags":[1111,11,4920,2113,1777,674,1011,27,12,882,25,2310,24662,36445],"class_list":{"0":"post-438956","1":"post","2":"type-post","3":"status-publish","4":"format-standard","5":"has-post-thumbnail","7":"category-toulon","8":"tag-actu","9":"tag-actualites","10":"tag-baptiste-serin","11":"tag-breve","12":"tag-eu","13":"tag-europe","14":"tag-fr","15":"tag-france","16":"tag-news","17":"tag-provence-alpes-cote-dazur","18":"tag-republique-francaise","19":"tag-toulon","20":"tag-transferts-rc-toulon","21":"tag-transferts-top-14"},"share_on_mastodon":{"url":"https:\/\/pubeurope.com\/@fr\/115316781952606381","error":""},"_links":{"self":[{"href":"https:\/\/www.europesays.com\/fr\/wp-json\/wp\/v2\/posts\/438956","targetHints":{"allow":["GET"]}}],"collection":[{"href":"https:\/\/www.europesays.com\/fr\/wp-json\/wp\/v2\/posts"}],"about":[{"href":"https:\/\/www.europesays.com\/fr\/wp-json\/wp\/v2\/types\/post"}],"author":[{"embeddable":true,"href":"https:\/\/www.europesays.com\/fr\/wp-json\/wp\/v2\/users\/2"}],"replies":[{"embeddable":true,"href":"https:\/\/www.europesays.com\/fr\/wp-json\/wp\/v2\/comments?post=438956"}],"version-history":[{"count":0,"href":"https:\/\/www.europesays.com\/fr\/wp-json\/wp\/v2\/posts\/438956\/revisions"}],"wp:featuredmedia":[{"embeddable":true,"href":"https:\/\/www.europesays.com\/fr\/wp-json\/wp\/v2\/media\/438957"}],"wp:attachment":[{"href":"https:\/\/www.europesays.com\/fr\/wp-json\/wp\/v2\/media?parent=438956"}],"wp:term":[{"taxonomy":"category","embeddable":true,"href":"https:\/\/www.europesays.com\/fr\/wp-json\/wp\/v2\/categories?post=438956"},{"taxonomy":"post_tag","embeddable":true,"href":"https:\/\/www.europesays.com\/fr\/wp-json\/wp\/v2\/tags?post=438956"}],"curies":[{"name":"wp","href":"https:\/\/api.w.org\/{rel}","templated":true}]}}