{"id":438963,"date":"2025-10-04T16:20:12","date_gmt":"2025-10-04T16:20:12","guid":{"rendered":"https:\/\/www.europesays.com\/fr\/438963\/"},"modified":"2025-10-04T16:20:12","modified_gmt":"2025-10-04T16:20:12","slug":"ligue-2-un-etat-desprit-magnifique-grace-a-un-bijou-de-gaetan-paquiez-et-a-une-redoutable-efficacite-le-gf38-sort-de-la-zone-rouge","status":"publish","type":"post","link":"https:\/\/www.europesays.com\/fr\/438963\/","title":{"rendered":"Ligue 2. \u00ab\u00a0Un \u00e9tat d\u2019esprit magnifique\u00a0\u00bb : gr\u00e2ce \u00e0 un bijou de Ga\u00ebtan Paquiez et \u00e0 une redoutable efficacit\u00e9, le GF38 sort de la zone rouge"},"content":{"rendered":"<p class=\"insetTitle\">R\u00e9actions<\/p>\n<p><strong>Franck Rizzetto (entra\u00eeneur de Grenoble)\u00a0:<\/strong> \u00ab\u00a0On a affich\u00e9 un \u00e9tat d\u2019esprit magnifique. On a os\u00e9, tent\u00e9 et cela nous a souri. Il y a eu plus de prises de risques dans les courses, dans les frappes. On a parfois \u00e9t\u00e9 accul\u00e9, on a souffert mais on a d\u00e9fendu tous ensemble. Je trouve qu\u2019on a \u00e9t\u00e9 solide et g\u00e9n\u00e9reux. En deuxi\u00e8me p\u00e9riode, on a r\u00e9ussi \u00e0 garder le ballon et on aurait pu marquer plus de buts mais on ne va surtout pas faire la fine bouche. Je suis d\u2019abord tr\u00e8s heureux pour les joueurs. Ils ont \u00e9t\u00e9 r\u00e9compens\u00e9s de leurs efforts. La semaine d\u2019entra\u00eenement avait \u00e9t\u00e9 tr\u00e8s bonne. Personnellement, je savoure oui, mais comme tout le club. Maintenant, il nous faut de la continuit\u00e9 pour la suite du championnat.\u00a0\u00bb<\/p>\n<p><strong>Matth\u00e9o Xantippe (d\u00e9fenseur de Grenoble)\u00a0:<\/strong> \u00ab\u00a0On est heureux et fier. On n\u2019a jamais rien l\u00e2ch\u00e9 cette saison mais il nous fallait des points. Et venir en prendre \u00e0 Reims, c\u2019est vraiment bien. C\u2019est s\u00fbrement le match r\u00e9f\u00e9rence qu\u2019on attendait m\u00eame si tout n\u2019a pas \u00e9t\u00e9 parfait bien s\u00fbr. On a souffert parfois mais on n\u2019a pas fait que d\u00e9fendre notamment en deuxi\u00e8me mi-temps o\u00f9 on a su garder le ballon. Le sentiment, c\u2019est du soulagement et beaucoup de joie. \u00c7a fait du bien d\u2019avoir rempli le contrat. C\u2019est presque dommage que la tr\u00eave arrive maintenant.\u00a0\u00bb<\/p>\n<p><strong>Karel Geraerts (entra\u00eeneur de Reims)\u00a0:<\/strong> \u00ab Cela a \u00e9t\u00e9 un match un peu bizarre. On avait trouv\u00e9 une bonne assise d\u00e9fensive ces derniers temps et l\u00e0, on a craqu\u00e9. On n\u2019a pas r\u00e9alis\u00e9 une bonne performance dans ce domaine. On a pris des buts \u00e9vitables. Pour autant, on ne va pas tout remettre en cause apr\u00e8s cette d\u00e9faite. Je n\u2019ai pas \u00e9t\u00e9 surpris par Grenoble. C\u2019est une \u00e9quipe qui, quand elle perdait, perdait avec peu d\u2019\u00e9cart. Ils ont \u00e9t\u00e9 \u00e0 l\u2019inverse de nous \u00e0 savoir qu\u2019ils ont bien d\u00e9fendu et ont \u00e9t\u00e9 efficaces devant.\u00a0\u00bb\u00a0\u00a0\u00a0<\/p>\n","protected":false},"excerpt":{"rendered":"R\u00e9actions Franck Rizzetto (entra\u00eeneur de Grenoble)\u00a0: \u00ab\u00a0On a affich\u00e9 un \u00e9tat d\u2019esprit magnifique. On a os\u00e9, tent\u00e9 et&hellip;\n","protected":false},"author":2,"featured_media":438964,"comment_status":"","ping_status":"","sticky":false,"template":"","format":"standard","meta":{"footnotes":""},"categories":[9566],"tags":[1111,11,2430,112,1777,674,107,1701,63,1011,27,329,12637,2731,2732,108,12636,1985,12,25,517,1947],"class_list":{"0":"post-438963","1":"post","2":"type-post","3":"status-publish","4":"format-standard","5":"has-post-thumbnail","7":"category-grenoble","8":"tag-actu","9":"tag-actualites","10":"tag-auvergne-rhone-alpes","11":"tag-edition-grenoble-agglomeration","12":"tag-eu","13":"tag-europe","14":"tag-fil-info","15":"tag-fil-info-sport","16":"tag-football","17":"tag-fr","18":"tag-france","19":"tag-france-monde","20":"tag-gf38-grenoble-foot-38","21":"tag-grenoble","22":"tag-grenoble-bassin","23":"tag-isere","24":"tag-ligue-2-football","25":"tag-metropole-de-grenoble","26":"tag-news","27":"tag-republique-francaise","28":"tag-sport","29":"tag-sport-national"},"share_on_mastodon":{"url":"https:\/\/pubeurope.com\/@fr\/115316812893107492","error":""},"_links":{"self":[{"href":"https:\/\/www.europesays.com\/fr\/wp-json\/wp\/v2\/posts\/438963","targetHints":{"allow":["GET"]}}],"collection":[{"href":"https:\/\/www.europesays.com\/fr\/wp-json\/wp\/v2\/posts"}],"about":[{"href":"https:\/\/www.europesays.com\/fr\/wp-json\/wp\/v2\/types\/post"}],"author":[{"embeddable":true,"href":"https:\/\/www.europesays.com\/fr\/wp-json\/wp\/v2\/users\/2"}],"replies":[{"embeddable":true,"href":"https:\/\/www.europesays.com\/fr\/wp-json\/wp\/v2\/comments?post=438963"}],"version-history":[{"count":0,"href":"https:\/\/www.europesays.com\/fr\/wp-json\/wp\/v2\/posts\/438963\/revisions"}],"wp:featuredmedia":[{"embeddable":true,"href":"https:\/\/www.europesays.com\/fr\/wp-json\/wp\/v2\/media\/438964"}],"wp:attachment":[{"href":"https:\/\/www.europesays.com\/fr\/wp-json\/wp\/v2\/media?parent=438963"}],"wp:term":[{"taxonomy":"category","embeddable":true,"href":"https:\/\/www.europesays.com\/fr\/wp-json\/wp\/v2\/categories?post=438963"},{"taxonomy":"post_tag","embeddable":true,"href":"https:\/\/www.europesays.com\/fr\/wp-json\/wp\/v2\/tags?post=438963"}],"curies":[{"name":"wp","href":"https:\/\/api.w.org\/{rel}","templated":true}]}}