{"id":438965,"date":"2025-10-04T16:22:15","date_gmt":"2025-10-04T16:22:15","guid":{"rendered":"https:\/\/www.europesays.com\/fr\/438965\/"},"modified":"2025-10-04T16:22:15","modified_gmt":"2025-10-04T16:22:15","slug":"malgre-les-remous-beye-veut-maintenir-son-cap-a-rennes","status":"publish","type":"post","link":"https:\/\/www.europesays.com\/fr\/438965\/","title":{"rendered":"malgr\u00e9 les remous, Beye veut maintenir son cap \u00e0 Rennes"},"content":{"rendered":"<p><strong>Le Havre &#8211; Rennes<\/strong><\/p>\n<p>L\u2019entra\u00eeneur de Rennes, Habib Beye, entre un bilan comptable honorable et les prestations en dents de scie de son \u00e9quipe, reste persuad\u00e9 que son cap est le bon, au moment de se d\u00e9placer au\u00a0Havre, dimanche 5 octobre 2025. Il a suffi d\u2019une deuxi\u00e8me p\u00e9riode calamiteuse \u00e0 Nantes (2-2), qui leur a co\u00fbt\u00e9 la victoire, et d\u2019un nul \u00ab\u00a0miraculeux\u00a0\u00bb (0-0) face \u00e0 Lens pourtant \u00e0 dix d\u00e8s la premi\u00e8re minute, pour que le coach nomm\u00e9 fin janvier subisse les critiques. <\/p>\n<p>Malgr\u00e9 un recrutement solide et coh\u00e9rent cet \u00e9t\u00e9 et un discours ambitieux, l\u2019\u00e9quipe ne d\u00e9gage encore que sporadiquement une vraie force collective. En d\u00e9cidant d\u2019interdire \u00e0 ses joueurs de s\u2019exprimer en zone mixte apr\u00e8s le match contre Lens, Beye avait envoy\u00e9 un bien mauvais signal, m\u00eame s\u2019il l\u2019avait justifi\u00e9 par la volont\u00e9 de vouloir tout assumer. Il n\u2019en fallait pas plus pour que les premi\u00e8res rumeurs le placent sur la sellette, en montant en \u00e9pingle une r\u00e9union entre joueurs cette semaine, pr\u00e9sent\u00e9e comme un signe de d\u00e9fiance envers le staff.<\/p>\n<p>Faire les efforts ensemble<\/p>\n<p>\u00ab\u00a0Je trouve que l\u2019analyse qui est faite aujourd\u2019hui du d\u00e9but de saison du Stade rennais, ce qui est dit sur l\u2019\u00e9quipe et ce qui est dit sur le contexte et la situation est incroyable\u00a0\u00bb, a lanc\u00e9 le coach en conf\u00e9rence de presse vendredi. \u00ab\u00a0Oui, il y a beaucoup d\u2019impatience, \u00e7a on le savait mais moi, mon r\u00f4le, c\u2019est de voir \u00e0 long terme et surtout de mettre en perspective ce qu\u2019on fait depuis le d\u00e9but de saison\u00a0\u00bb, a-t-il ajout\u00e9.<\/p>\n<p>Un coup d\u2019\u0153il au classement ne laisse effectivement pas appara\u00eetre une situation critique. Avec neuf points en six matchs et une seule d\u00e9faite, Rennes n\u2019a que trois longueurs de retard sur Marseille (3e) malgr\u00e9 sa neuvi\u00e8me place, en de\u00e7\u00e0 des ambitions europ\u00e9ennes du club.<\/p>\n<p>Pour autant, Beye est le premier \u00e0 reconna\u00eetre que son \u00e9quipe est \u00ab\u00a0perfectible\u00a0\u00bb et que le match de Lens peut et doit servir de contre-exemple. Le d\u00e9brief vid\u00e9o a beaucoup tourn\u00e9 autour de \u00ab\u00a0ce qu\u2019on ne voulait plus voir en termes d\u2019\u00e9tat d\u2019esprit\u00a0\u00bb, a-t-il admis, pointant que si ses joueurs ont fait les efforts, ce n\u2019\u00e9tait \u00ab\u00a0pas toujours tous ensemble\u00a0\u00bb. D\u00e9fensivement, cela se traduit par une fragilit\u00e9 manifeste \u00e0 la perte de balle.<\/p>\n<p>Rongier tr\u00e8s attendu<\/p>\n<p>\u00ab\u00a0\u00c0 partir du moment o\u00f9 on est positionn\u00e9s tr\u00e8s haut, ces transitions d\u00e9fensives, elles existent. Il y a une fa\u00e7on d\u2019en vivre un petit peu moins, c\u2019est d\u2019\u00eatre beaucoup plus intense sur notre premi\u00e8re ligne de pressing et je trouve que sur ce match contre Lens, on a \u00e9t\u00e9 d\u00e9faillants\u00a0\u00bb, a-t-il ainsi relev\u00e9. Offensivement, le compte n\u2019y est pas non plus, en raison d\u2019un manque d\u2019audace et de prise de responsabilit\u00e9s dans les 30 derniers m\u00e8tres.<\/p>\n<p>\u00ab\u00a0On a \u00e9t\u00e9 beaucoup dans le contournement et dans cette logique de passe\u00a0\u00bb, a-t-il regrett\u00e9. \u00ab\u00a0C\u2019est important qu\u2019on soit en capacit\u00e9 d\u2019avoir des joueurs qui provoquent \u00e0 plusieurs endroits du terrain. Si aujourd\u2019hui on se focalise sur nos joueurs de c\u00f4t\u00e9, la force qu\u2019on peut avoir devant ne suffira pas\u00a0\u00bb, a compl\u00e9t\u00e9 le technicien.<\/p>\n<p>Au\u00a0Havre, en fond de classement (15e), Rennes devrait retrouver son m\u00e9tronome Valentin Rongier dont l\u2019absence lors du second acte \u00e0 Nantes et contre Lens s\u2019\u00e9tait cruellement fait sentir. \u00ab\u00a0Ce qui me pla\u00eet dans ce que fait Valentin, c\u2019est que lorsqu\u2019il faut acc\u00e9l\u00e9rer le jeu, il l\u2019acc\u00e9l\u00e8re. Lorsqu\u2019il faut mettre le pied sur le ballon, il le met et il ressent en quelque sorte l\u2019intensit\u00e9 du match\u00a0\u00bb, a soulign\u00e9 Beye qui reste r\u00e9solument positif. \u00ab\u00a0On doit gagner au\u00a0Havre, on va aller au\u00a0Havre pour gagner mais ce que je renvoie \u00e0 mes joueurs, c\u2019est de ne pas ressentir cette pression ext\u00e9rieure qui, \u00e0 mon sens, me semble d\u00e9mesur\u00e9e\u00a0\u00bb, a-t-il conclu.<\/p>\n<p>Ce dimanche 5 octobre 2025 \u00e0 17 h 15, sur Ligue\u00a01+.<\/p>\n","protected":false},"excerpt":{"rendered":"Le Havre &#8211; Rennes L\u2019entra\u00eeneur de Rennes, Habib Beye, entre un bilan comptable honorable et les prestations en&hellip;\n","protected":false},"author":2,"featured_media":438966,"comment_status":"","ping_status":"","sticky":false,"template":"","format":"standard","meta":{"footnotes":""},"categories":[2821],"tags":[1111,11,829,1777,674,63,1011,27,66,12,584,25,60],"class_list":{"0":"post-438965","1":"post","2":"type-post","3":"status-publish","4":"format-standard","5":"has-post-thumbnail","7":"category-rennes","8":"tag-actu","9":"tag-actualites","10":"tag-bretagne","11":"tag-eu","12":"tag-europe","13":"tag-football","14":"tag-fr","15":"tag-france","16":"tag-ligue-1","17":"tag-news","18":"tag-rennes","19":"tag-republique-francaise","20":"tag-sports"},"share_on_mastodon":{"url":"https:\/\/pubeurope.com\/@fr\/115316820808088418","error":""},"_links":{"self":[{"href":"https:\/\/www.europesays.com\/fr\/wp-json\/wp\/v2\/posts\/438965","targetHints":{"allow":["GET"]}}],"collection":[{"href":"https:\/\/www.europesays.com\/fr\/wp-json\/wp\/v2\/posts"}],"about":[{"href":"https:\/\/www.europesays.com\/fr\/wp-json\/wp\/v2\/types\/post"}],"author":[{"embeddable":true,"href":"https:\/\/www.europesays.com\/fr\/wp-json\/wp\/v2\/users\/2"}],"replies":[{"embeddable":true,"href":"https:\/\/www.europesays.com\/fr\/wp-json\/wp\/v2\/comments?post=438965"}],"version-history":[{"count":0,"href":"https:\/\/www.europesays.com\/fr\/wp-json\/wp\/v2\/posts\/438965\/revisions"}],"wp:featuredmedia":[{"embeddable":true,"href":"https:\/\/www.europesays.com\/fr\/wp-json\/wp\/v2\/media\/438966"}],"wp:attachment":[{"href":"https:\/\/www.europesays.com\/fr\/wp-json\/wp\/v2\/media?parent=438965"}],"wp:term":[{"taxonomy":"category","embeddable":true,"href":"https:\/\/www.europesays.com\/fr\/wp-json\/wp\/v2\/categories?post=438965"},{"taxonomy":"post_tag","embeddable":true,"href":"https:\/\/www.europesays.com\/fr\/wp-json\/wp\/v2\/tags?post=438965"}],"curies":[{"name":"wp","href":"https:\/\/api.w.org\/{rel}","templated":true}]}}