{"id":438967,"date":"2025-10-04T16:23:16","date_gmt":"2025-10-04T16:23:16","guid":{"rendered":"https:\/\/www.europesays.com\/fr\/438967\/"},"modified":"2025-10-04T16:23:16","modified_gmt":"2025-10-04T16:23:16","slug":"top-5-des-trucs-de-touristes-que-les-vrais-strasbourgeois-ne-font-jamais","status":"publish","type":"post","link":"https:\/\/www.europesays.com\/fr\/438967\/","title":{"rendered":"Top 5 des trucs de touristes que les vrais Strasbourgeois ne font jamais"},"content":{"rendered":"<p>            Par<br \/>\n        <strong><br \/>\n            <a href=\"https:\/\/actu.fr\/auteur\/ivan-capecchi\" title=\"Consulter tous les articles de Ivan CAPECCHI\" target=\"_blank\" rel=\"noopener\">Ivan CAPECCHI<\/a><br \/>\n        <\/strong><\/p>\n<p>        Publi\u00e9 le<\/p>\n<p>            4 oct. 2025 \u00e0 18h02        <\/p>\n<p><a href=\"https:\/\/actu.fr\/strasbourg\/\" target=\"_blank\" rel=\"noopener\">Strasbourg<\/a> attire chaque ann\u00e9e des millions de visiteurs venus d\u00e9couvrir les grands <strong>incontournables de la capitale alsacienne<\/strong>. Mais ce qui semble immanquable pour un touriste peut laisser un Strasbourgeois totalement indiff\u00e9rent. Petite s\u00e9lection de ces classiques que l\u2019on regarde souvent de loin.<\/p>\n<p>Monter sur la plateforme de la cath\u00e9drale de Strasbourg<\/p>\n<p class=\" wall-content\">Monter jusqu\u2019\u00e0 la plateforme de la <a href=\"https:\/\/actu.fr\/tag\/cathedrale-de-strasbourg\" target=\"_blank\" rel=\"noopener\">cath\u00e9drale de Strasbourg<\/a>, c\u2019est un peu comme grimper au deuxi\u00e8me \u00e9tage de la <a href=\"https:\/\/actu.fr\/tag\/tour-eiffel\" target=\"_blank\" rel=\"noopener\">tour Eiffel<\/a> pour les Parisiens : \u00e7a peut nous traverser l\u2019esprit, mais quand le projet se concr\u00e9tise, <strong>une immense flemme s\u2019empare de nous<\/strong>. Et puis, elle est d\u00e9j\u00e0 si belle depuis le pav\u00e9, pourquoi se fatiguer \u00e0 <strong>monter 332 marches<\/strong> ?<\/p>\n<p class=\" wall-content\">Dans le m\u00eame esprit, rares sont les Strasbourgeois qui ont la patience de faire la queue pour visiter<strong> l\u2019int\u00e9rieur de la cath\u00e9drale<\/strong>, un \u00e9difice qui attire pourtant chaque ann\u00e9e des millions de visiteurs.\u00a0<\/p>\n<p>Aller tous les jours au march\u00e9 de No\u00ebl<\/p>\n<p class=\" wall-content\">Chaque Strasbourgeois entretient avec lui un dr\u00f4le de rapport. On est fiers qu\u2019il fasse rayonner la ville et qu\u2019il attire le monde entier, on aime l\u2019ambiance, les odeurs d\u2019\u00e9pices, les lumi\u00e8res. <strong>Mais on soupire aussi devant les rues satur\u00e9es, les cabanes clon\u00e9es d\u2019une ann\u00e9e sur l\u2019autre et l\u2019impossibilit\u00e9 de traverser la place Kl\u00e9ber sans jouer des coudes<\/strong>. Le <a href=\"https:\/\/actu.fr\/grand-est\/strasbourg_67482\/strasbourg-les-dates-du-marche-de-noel-2025-sont-connues_62710676.html\" target=\"_blank\" rel=\"noopener\">march\u00e9 de No\u00ebl<\/a>, on l\u2019aime parce qu\u2019il est \u00e0 nous\u2026 mais on l\u2019\u00e9vite souvent pour garder intact ce petit bout de magie.<\/p>\n<p>Manger une choucroute toutes les semaines<\/p>\n<p class=\" wall-content\">Dire que les Strasbourgeois aiment la <strong>choucroute<\/strong>, c\u2019est presque un pl\u00e9onasme. Mais en manger chaque semaine ? Pas vraiment. On pr\u00e9f\u00e8re la r\u00e9server aux belles occasions, par exemple quand des proches viennent d\u00e9couvrir la ville. Alors on r\u00e9serve une belle table \u00e0 la <a href=\"https:\/\/actu.fr\/grand-est\/strasbourg_67482\/a-strasbourg-la-celebre-maison-kammerzell-va-connaitre-d-importants-travaux-voici-le-detail_63164816.html\" target=\"_blank\" rel=\"noopener\">Maison Kammerzell<\/a> pour impressionner les invit\u00e9s\u2026 et se r\u00e9compenser d\u2019avoir gravi les 332 marches de la cath\u00e9drale quelques heures plus t\u00f4t.<\/p>\n<p>Votre r\u00e9gion, votre actu !<\/p>\n<p>Recevez chaque jour les infos qui comptent pour vous.<\/p>\n<p>\t<a href=\"https:\/\/actu.fr\/newsletter\" class=\"ac-btn ac-btn--corner ac-btn--medium ac-btn--blue800\" target=\"_blank\" rel=\"noopener\">S&rsquo;incrire<\/a><br \/>\nR\u00e9server une croisi\u00e8re sur l\u2019eau<\/p>\n<p class=\" wall-content\">\u00c7a, je ne sais m\u00eame pas pourquoi c\u2019est un \u00ab\u00a0truc de touristes\u00a0\u00bb. Mais il y a des choses dans la vie qui ne s\u2019expliquent pas, et c\u2019est ainsi. Sur le papier, c\u2019est pourtant <strong>s\u00e9duisant<\/strong> : d\u00e9couvrir la ville depuis l\u2019eau, passer sous les ponts, longer la <a href=\"https:\/\/actu.fr\/tag\/petite-france\" target=\"_blank\" rel=\"noopener\">Petite France<\/a>\u2026 Mais non, l\u2019id\u00e9e de r\u00e9server une croisi\u00e8re ne nous effleure m\u00eame pas l\u2019esprit, allez savoir pourquoi.<\/p>\n<p>Visiter le parlement europ\u00e9en\u00a0<\/p>\n<p class=\" wall-content\">\u00c0 la moindre occasion, on rappelle fi\u00e8rement que<strong> Strasbourg est capitale europ\u00e9enne<\/strong>. De l\u00e0 \u00e0 visiter le <a href=\"https:\/\/actu.fr\/tag\/parlement-europeen\" target=\"_blank\" rel=\"noopener\">parlement<\/a> ? Faut pas pousser. Il a beau \u00eatre \u00e0 port\u00e9e de main, il para\u00eet siii loinnn. <strong>Savoir qu\u2019il existe suffit \u00e0 notre bonheur<\/strong>.<\/p>\n<p class=\" wall-content\">Personnalisez votre actualit\u00e9 en ajoutant vos villes et m\u00e9dias en favori avec <a href=\"https:\/\/moncompte.actu.fr\" title=\"D\u00e9couvez Mon Actu\" rel=\"nofollow noopener\" data-trk=\"{&quot;cta&quot;:{&quot;action&quot;:&quot;https:\\\/\\\/moncompte.actu.fr&quot;,&quot;category&quot;:&quot;mon compte&quot;,&quot;from&quot;:&quot;article footer&quot;,&quot;name&quot;:&quot;Mon actu&quot;,&quot;type&quot;:&quot;cta&quot;}}\" target=\"_blank\">Mon Actu<\/a>.<\/p>\n","protected":false},"excerpt":{"rendered":"Par Ivan CAPECCHI Publi\u00e9 le 4 oct. 2025 \u00e0 18h02 Strasbourg attire chaque ann\u00e9e des millions de visiteurs&hellip;\n","protected":false},"author":2,"featured_media":438968,"comment_status":"","ping_status":"","sticky":false,"template":"","format":"standard","meta":{"footnotes":""},"categories":[2820],"tags":[1111,11,12430,1777,674,1011,27,775,1652,56596,12,8552,25,640],"class_list":{"0":"post-438967","1":"post","2":"type-post","3":"status-publish","4":"format-standard","5":"has-post-thumbnail","7":"category-strasbourg","8":"tag-actu","9":"tag-actualites","10":"tag-cathedrale-de-strasbourg","11":"tag-eu","12":"tag-europe","13":"tag-fr","14":"tag-france","15":"tag-grand-est","16":"tag-loisirs-culture","17":"tag-marche-de-noel-de-strasbourg","18":"tag-news","19":"tag-parlement-europeen","20":"tag-republique-francaise","21":"tag-strasbourg"},"share_on_mastodon":{"url":"https:\/\/pubeurope.com\/@fr\/115316824730065197","error":""},"_links":{"self":[{"href":"https:\/\/www.europesays.com\/fr\/wp-json\/wp\/v2\/posts\/438967","targetHints":{"allow":["GET"]}}],"collection":[{"href":"https:\/\/www.europesays.com\/fr\/wp-json\/wp\/v2\/posts"}],"about":[{"href":"https:\/\/www.europesays.com\/fr\/wp-json\/wp\/v2\/types\/post"}],"author":[{"embeddable":true,"href":"https:\/\/www.europesays.com\/fr\/wp-json\/wp\/v2\/users\/2"}],"replies":[{"embeddable":true,"href":"https:\/\/www.europesays.com\/fr\/wp-json\/wp\/v2\/comments?post=438967"}],"version-history":[{"count":0,"href":"https:\/\/www.europesays.com\/fr\/wp-json\/wp\/v2\/posts\/438967\/revisions"}],"wp:featuredmedia":[{"embeddable":true,"href":"https:\/\/www.europesays.com\/fr\/wp-json\/wp\/v2\/media\/438968"}],"wp:attachment":[{"href":"https:\/\/www.europesays.com\/fr\/wp-json\/wp\/v2\/media?parent=438967"}],"wp:term":[{"taxonomy":"category","embeddable":true,"href":"https:\/\/www.europesays.com\/fr\/wp-json\/wp\/v2\/categories?post=438967"},{"taxonomy":"post_tag","embeddable":true,"href":"https:\/\/www.europesays.com\/fr\/wp-json\/wp\/v2\/tags?post=438967"}],"curies":[{"name":"wp","href":"https:\/\/api.w.org\/{rel}","templated":true}]}}