{"id":438971,"date":"2025-10-04T16:25:16","date_gmt":"2025-10-04T16:25:16","guid":{"rendered":"https:\/\/www.europesays.com\/fr\/438971\/"},"modified":"2025-10-04T16:25:16","modified_gmt":"2025-10-04T16:25:16","slug":"nice-les-boutons-dalerte-bientot-accessibles-aux-coproprietes","status":"publish","type":"post","link":"https:\/\/www.europesays.com\/fr\/438971\/","title":{"rendered":"Nice : les boutons d\u2019alerte bient\u00f4t accessibles aux copropri\u00e9t\u00e9s"},"content":{"rendered":"<p>                    <img loading=\"lazy\" decoding=\"async\" src=\"https:\/\/www.europesays.com\/fr\/wp-content\/uploads\/2025\/10\/e438a9f9cab8236056029c3ebbd1f5.png\" class=\"img-responsive post-image\" width=\"680\" height=\"510\" alt=\"Nice : les boutons d'aler\" title=\"Nice : les boutons d'alerte bient\u00f4t accessibles aux copropri\u00e9t\u00e9s\"\/><\/p>\n<p class=\"chapo\">Le Conseil Municipal de Nice a vot\u00e9, ce mercredi 1er octobre, l\u2019extension du dispositif de boutons d\u2019alerte aux copropri\u00e9t\u00e9s volontaires. D\u00e9j\u00e0 largement d\u00e9ploy\u00e9s dans la ville depuis 2015, ces bo\u00eetiers connect\u00e9s au Centre de Supervision Urbaine (CSU) permettent de d\u00e9clencher une intervention imm\u00e9diate des forces de l\u2019ordre en cas de menace.<\/p>\n<p>Depuis plus de dix ans, Nice mise sur l\u2019innovation technologique pour renforcer la s\u00e9curit\u00e9 des habitants. Les boutons d\u2019alerte, au nombre de 1 700 dans la ville, sont utilis\u00e9s chaque ann\u00e9e \u00e0 plus de 3 000 reprises. En 2025, ils ont entra\u00een\u00e9 pr\u00e8s de 500 interventions de la Police Municipale.<\/p>\n<p>Un outil r\u00e9actif et dissuasif<\/p>\n<p><strong>Le principe est simple <\/strong>\u00a0: lorsqu\u2019un bouton est activ\u00e9, les cam\u00e9ras de vid\u00e9oprotection alentour s\u2019orientent automatiquement vers le lieu du d\u00e9clenchement, permettant une lev\u00e9e de doute rapide et, si n\u00e9cessaire, l\u2019envoi imm\u00e9diat d\u2019une patrouille. Ce syst\u00e8me, qui a d\u00e9j\u00e0 fait ses preuves dans les \u00e9coles, cr\u00e8ches, h\u00f4pitaux, EHPAD, sites culturels et administratifs, sera d\u00e9sormais accessible aux r\u00e9sidences priv\u00e9es.<br class=\"autobr\"\/><br \/>\nAdopt\u00e9e en s\u00e9ance pl\u00e9ni\u00e8re, la d\u00e9lib\u00e9ration pr\u00e9voit que chaque copropri\u00e9t\u00e9 int\u00e9ress\u00e9e pourra proposer ce dispositif \u00e0 son assembl\u00e9e g\u00e9n\u00e9rale. Objectif\u00a0: renforcer la s\u00e9curit\u00e9 des r\u00e9sidents, rassurer les habitants et faciliter les interventions en cas de situation suspecte ou d\u2019agression.<\/p>\n<p>Un dispositif d\u00e9j\u00e0 adopt\u00e9 par de nombreux acteurs<\/p>\n<p>Outre les \u00e9tablissements publics, les agents de nettoiement, les conducteurs de tramway, le personnel m\u00e9dical de nuit et les commer\u00e7ants peuvent d\u00e9j\u00e0 s\u2019\u00e9quiper de ces bo\u00eetiers. Avec cette extension, la Ville de Nice franchit une nouvelle \u00e9tape dans son engagement pour la tranquillit\u00e9 publique.<\/p>\n<p>Les copropri\u00e9t\u00e9s d\u00e9sireuses d\u2019installer ce syst\u00e8me peuvent se rapprocher du service municipal d\u00e9di\u00e9 au 04 97 13 35 27 pour b\u00e9n\u00e9ficier d\u2019un accompagnement personnalis\u00e9.<\/p>\n<p>Visuel de Une (Illustration bouton alerte commer\u00e7ant ) \u00a9Ville de Nice<\/p>\n","protected":false},"excerpt":{"rendered":"Le Conseil Municipal de Nice a vot\u00e9, ce mercredi 1er octobre, l\u2019extension du dispositif de boutons d\u2019alerte aux&hellip;\n","protected":false},"author":2,"featured_media":438972,"comment_status":"","ping_status":"","sticky":false,"template":"","format":"standard","meta":{"footnotes":""},"categories":[2819],"tags":[1111,11,2408,1777,674,1011,27,12,2401,882,25],"class_list":{"0":"post-438971","1":"post","2":"type-post","3":"status-publish","4":"format-standard","5":"has-post-thumbnail","7":"category-nice","8":"tag-actu","9":"tag-actualites","10":"tag-appels-d","11":"tag-eu","12":"tag-europe","13":"tag-fr","14":"tag-france","15":"tag-news","16":"tag-nice","17":"tag-provence-alpes-cote-dazur","18":"tag-republique-francaise"},"share_on_mastodon":{"url":"https:\/\/pubeurope.com\/@fr\/115316833006248138","error":""},"_links":{"self":[{"href":"https:\/\/www.europesays.com\/fr\/wp-json\/wp\/v2\/posts\/438971","targetHints":{"allow":["GET"]}}],"collection":[{"href":"https:\/\/www.europesays.com\/fr\/wp-json\/wp\/v2\/posts"}],"about":[{"href":"https:\/\/www.europesays.com\/fr\/wp-json\/wp\/v2\/types\/post"}],"author":[{"embeddable":true,"href":"https:\/\/www.europesays.com\/fr\/wp-json\/wp\/v2\/users\/2"}],"replies":[{"embeddable":true,"href":"https:\/\/www.europesays.com\/fr\/wp-json\/wp\/v2\/comments?post=438971"}],"version-history":[{"count":0,"href":"https:\/\/www.europesays.com\/fr\/wp-json\/wp\/v2\/posts\/438971\/revisions"}],"wp:featuredmedia":[{"embeddable":true,"href":"https:\/\/www.europesays.com\/fr\/wp-json\/wp\/v2\/media\/438972"}],"wp:attachment":[{"href":"https:\/\/www.europesays.com\/fr\/wp-json\/wp\/v2\/media?parent=438971"}],"wp:term":[{"taxonomy":"category","embeddable":true,"href":"https:\/\/www.europesays.com\/fr\/wp-json\/wp\/v2\/categories?post=438971"},{"taxonomy":"post_tag","embeddable":true,"href":"https:\/\/www.europesays.com\/fr\/wp-json\/wp\/v2\/tags?post=438971"}],"curies":[{"name":"wp","href":"https:\/\/api.w.org\/{rel}","templated":true}]}}