{"id":438978,"date":"2025-10-04T16:29:12","date_gmt":"2025-10-04T16:29:12","guid":{"rendered":"https:\/\/www.europesays.com\/fr\/438978\/"},"modified":"2025-10-04T16:29:12","modified_gmt":"2025-10-04T16:29:12","slug":"une-fresque-monumentale-prend-forme-a-la-residence-des-ailes","status":"publish","type":"post","link":"https:\/\/www.europesays.com\/fr\/438978\/","title":{"rendered":"une fresque monumentale prend forme \u00e0 la r\u00e9sidence des Ailes"},"content":{"rendered":"<p>Vendredi 3\u00a0octobre, le vernissage d\u2019une gigantesque fresque murale de l\u2019artiste Pierre XZXZ s\u2019est d\u00e9roul\u00e9 \u00e0 la r\u00e9sidence des Ailes, dans le quartier du Haut-Livrac \u00e0 Pessac-Alouette, en pr\u00e9sence du maire Franck Raynal, de ses adjoints, du d\u00e9put\u00e9 S\u00e9bastien Saint-Pasteur et du directeur g\u00e9n\u00e9ral adjoint de Gironde Habitat, Gilles Darrieutort.<\/p>\n<p>Perrine Ilongo, directrice du p\u00f4le d\u00e9veloppement social et inclusif du bailleur social, pr\u00e9cise\u00a0: \u00ab\u00a0Nous avons \u00e9t\u00e9 contact\u00e9s par la mairie de Pessac, notamment par les organisateurs des Vibrations Urbaines. C\u2019est une belle opportunit\u00e9 d\u2019\u00e9gayer le quartier et la r\u00e9sidence des Ailes, dont chaque b\u00e2timent porte le nom d\u2019une aviatrice ou d\u2019un aviateur fran\u00e7ais c\u00e9l\u00e8bre. Les habitants de la r\u00e9sidence ont \u00e9t\u00e9 sollicit\u00e9s pour participer \u00e0 l\u2019\u00e9laboration de la fresque en collaboration avec l\u2019artiste, lors d\u2019ateliers pr\u00e9paratoires\u00a0\u00bb.<\/p>\n<p>Une \u0153uvre inachev\u00e9e<\/p>\n<p>Fran\u00e7ois Sztark, l\u2019adjoint au maire de Pessac charg\u00e9 de la jeunesse et de l\u2019organisation des Vibrations Urbaines, ajoute\u00a0: \u00ab\u00a0L\u2019artiste de Street-Art Pierre XZXZ s\u2019est excus\u00e9 d\u2019\u00eatre absent car il est \u00e0 Paris en ce moment. Cette fresque a pour th\u00e9matique la femme qui regarde vers l\u2019horizon. La peinture sera prolong\u00e9e en 2026 sur l\u2019autre mur de la r\u00e9sidence. L\u2019artiste cr\u00e9e des pochoirs dans son atelier \u00e0 Vichy, celui-ci les plaque contre la fa\u00e7ade et il remplit ensuite \u00e0 la bombe de peinture\u00a0\u00bb.<\/p>\n<p>La composition des pochoirs a demand\u00e9 dix jours de pr\u00e9paration \u00e0 l\u2019artiste. Il a ensuite r\u00e9alis\u00e9 sa fresque pendant seulement quatre jours. \u00c0 plus de dix m\u00e8tres de haut, sur une nacelle mobile, il a vaincu son vertige pour peindre son chef-d\u2019\u0153uvre pictural qu\u2019il ach\u00e8vera en 2026. Pierre XZXZ a beaucoup appr\u00e9ci\u00e9 le travail de m\u00e9diation r\u00e9alis\u00e9 avec les habitants de la r\u00e9sidence des Ailes.<\/p>\n<p>Le maire de Pessac a tenu \u00e0 souligner l\u2019intention de l\u2019artiste de regarder loin vers l\u2019avenir. Dans la suite de l\u2019\u0153uvre, une main tendue symbolisera le lien entre les hommes et la nature.<\/p>\n","protected":false},"excerpt":{"rendered":"Vendredi 3\u00a0octobre, le vernissage d\u2019une gigantesque fresque murale de l\u2019artiste Pierre XZXZ s\u2019est d\u00e9roul\u00e9 \u00e0 la r\u00e9sidence des&hellip;\n","protected":false},"author":2,"featured_media":438979,"comment_status":"","ping_status":"","sticky":false,"template":"","format":"standard","meta":{"footnotes":""},"categories":[2817],"tags":[1111,11,1997,1777,674,1011,27,12,2219,25],"class_list":{"0":"post-438978","1":"post","2":"type-post","3":"status-publish","4":"format-standard","5":"has-post-thumbnail","7":"category-bordeaux","8":"tag-actu","9":"tag-actualites","10":"tag-bordeaux","11":"tag-eu","12":"tag-europe","13":"tag-fr","14":"tag-france","15":"tag-news","16":"tag-nouvelle-aquitaine","17":"tag-republique-francaise"},"share_on_mastodon":{"url":"https:\/\/pubeurope.com\/@fr\/115316848308406089","error":""},"_links":{"self":[{"href":"https:\/\/www.europesays.com\/fr\/wp-json\/wp\/v2\/posts\/438978","targetHints":{"allow":["GET"]}}],"collection":[{"href":"https:\/\/www.europesays.com\/fr\/wp-json\/wp\/v2\/posts"}],"about":[{"href":"https:\/\/www.europesays.com\/fr\/wp-json\/wp\/v2\/types\/post"}],"author":[{"embeddable":true,"href":"https:\/\/www.europesays.com\/fr\/wp-json\/wp\/v2\/users\/2"}],"replies":[{"embeddable":true,"href":"https:\/\/www.europesays.com\/fr\/wp-json\/wp\/v2\/comments?post=438978"}],"version-history":[{"count":0,"href":"https:\/\/www.europesays.com\/fr\/wp-json\/wp\/v2\/posts\/438978\/revisions"}],"wp:featuredmedia":[{"embeddable":true,"href":"https:\/\/www.europesays.com\/fr\/wp-json\/wp\/v2\/media\/438979"}],"wp:attachment":[{"href":"https:\/\/www.europesays.com\/fr\/wp-json\/wp\/v2\/media?parent=438978"}],"wp:term":[{"taxonomy":"category","embeddable":true,"href":"https:\/\/www.europesays.com\/fr\/wp-json\/wp\/v2\/categories?post=438978"},{"taxonomy":"post_tag","embeddable":true,"href":"https:\/\/www.europesays.com\/fr\/wp-json\/wp\/v2\/tags?post=438978"}],"curies":[{"name":"wp","href":"https:\/\/api.w.org\/{rel}","templated":true}]}}