{"id":438980,"date":"2025-10-04T16:30:19","date_gmt":"2025-10-04T16:30:19","guid":{"rendered":"https:\/\/www.europesays.com\/fr\/438980\/"},"modified":"2025-10-04T16:30:19","modified_gmt":"2025-10-04T16:30:19","slug":"de-tiktok-aux-salons-de-formations-ces-jeunes-en-quete-de-reponses-pour-leur-orientation","status":"publish","type":"post","link":"https:\/\/www.europesays.com\/fr\/438980\/","title":{"rendered":"de TikTok aux salons de formations, ces jeunes en qu\u00eate de r\u00e9ponses pour leur orientation"},"content":{"rendered":"<p>            \u00ab\u00a0C\u2019est un peu le flou\u00a0\u00bb<\/p>\n<p>\u00c0 17\u00a0ans, Louane est tr\u00e8s int\u00e9ress\u00e9e par les langues. Au quotidien, la lyc\u00e9enne s\u2019informe sur le r\u00e9seau social TikTok\u00a0: \u00ab\u00a0Je suis abonn\u00e9e \u00e0 des \u00e9tudiants qui racontent leur quotidien et leur parcours\u00a0\u00bb, mentionne-t-elle. Accompagn\u00e9e de sa m\u00e8re, Sandrine, elle souhaite s\u2019informer de mani\u00e8re plus concr\u00e8te. \u00ab\u00a0Il y a tellement de branches diff\u00e9rentes, c\u2019est un peu le flou\u00a0\u00bb, sourit-elle. Si la jeune femme souhaite partir en fac de langue, elle est venue d\u00e9couvrir de nouveaux secteurs comme le tourisme ou l\u2019aide \u00e0 la personne. \u00ab\u00a0Au niveau des d\u00e9bouch\u00e9s, j\u2019ai certaines inqui\u00e9tudes. On a beau faire de grandes <a href=\"https:\/\/www.sudouest.fr\/gironde\/bordeaux\/etudes-de-medecine-l-universite-de-bordeaux-plaide-pour-un-retour-de-la-voie-unique-25976306.php\" rel=\"nofollow noopener\" target=\"_blank\">\u00e9tudes<\/a>, c\u2019est parfois compliqu\u00e9 de trouver du travail \u00e0 la sortie.\u00a0\u00bb<\/p>\n<p>        <img decoding=\"async\" id=\"26204575\" src=\"https:\/\/www.europesays.com\/fr\/wp-content\/uploads\/2025\/10\/salon-studyrama-bordeaux-2025.jpg\" alt=\"Comme beaucoup de jeunes rencontr\u00e9s au salon, Louane s\u2019informe sur les r\u00e9seaux sociaux.\" itemprop=\"contentURL\"\/><\/p>\n<p>    Comme beaucoup de jeunes rencontr\u00e9s au salon, Louane s\u2019informe sur les r\u00e9seaux sociaux.<\/p>\n<p>C.\u00a0L.<\/p>\n<p>Ambre, elle, suit une formation Service aux personnes et animation dans les territoires (Sapat). La jeune femme se r\u00eave anesth\u00e9siste et souhaite se r\u00e9orienter. \u00ab\u00a0Ce salon m\u2019a beaucoup rassur\u00e9e, j\u2019ai trouv\u00e9 beaucoup plus de pr\u00e9cisions que sur les diff\u00e9rents sites Internet que j\u2019ai pu consulter.\u00a0\u00bb<\/p>\n<p>Cette journ\u00e9e est un marathon pour Victor, \u00e9tudiant en bachelor communication \u00e0 Cesacom. Le jeune homme encha\u00eene les entrevues \u00e0 un rythme effr\u00e9n\u00e9. \u00ab\u00a0Je constate une certaine m\u00e9connaissance des jeunes sur les formations qu\u2019ils convoitent. Cela me para\u00eet int\u00e9ressant de partager mon exp\u00e9rience. Nous sommes l\u00e0 pour les guider\u00a0\u00bb, soutient-il<\/p>\n<p>Un syst\u00e8me jug\u00e9 \u00ab\u00a0fragile\u00a0\u00bb<\/p>\n<p>\u00c0 seulement 14\u00a0ans, Charlie est encore en troisi\u00e8me. Son choix se porte pour l\u2019instant sur les \u00e9coles d\u2019ing\u00e9nieurs. \u00ab\u00a0Cela fait un peu tourner la t\u00eate, c\u2019est vrai que le niveau d\u2019\u00e9tudes est \u00e9lev\u00e9\u00a0\u00bb, reconna\u00eet son p\u00e8re. Au coll\u00e8ge comme au lyc\u00e9e, des temps d\u2019information sont pr\u00e9vus sur les \u00e9tudes sup\u00e9rieures. Un dispositif \u00ab\u00a0fragile\u00a0\u00bb selon Charlie\u00a0: \u00ab\u00a0Il n\u2019y a que deux conseillers dans mon \u00e9tablissement pour l\u2019ensemble des \u00e9l\u00e8ves. Ils sont de bons conseils, mais ils ne connaissent pas tous les m\u00e9tiers.\u00a0\u00bb Venus d\u2019Agen sp\u00e9cialement pour l\u2019occasion, p\u00e8re et fils sont en qu\u00eate d\u2019informations plus pr\u00e9cises. \u00ab\u00a0En tant que parent, je suis aussi venu me renseigner sur le co\u00fbt des formations. Mes enfants ne sont pas forc\u00e9ment \u00e9ligibles aux bourses. C\u2019est aussi l\u2019occasion de poser des questions aux structures repr\u00e9sent\u00e9es.\u00a0\u00bb<\/p>\n<p>        <img decoding=\"async\" id=\"26204647\" src=\"https:\/\/www.europesays.com\/fr\/wp-content\/uploads\/2025\/10\/salon-studyrama-bordeaux-2025.jpg\" alt=\"Parmi les secteurs les plus repr\u00e9sent\u00e9s, il y a le tourisme, la sant\u00e9, la communication ou encore le cin\u00e9ma.\" itemprop=\"contentURL\"\/><\/p>\n<p>    Parmi les secteurs les plus repr\u00e9sent\u00e9s, il y a le tourisme, la sant\u00e9, la communication ou encore le cin\u00e9ma.<\/p>\n<p>C.\u00a0L.<\/p>\n","protected":false},"excerpt":{"rendered":"\u00ab\u00a0C\u2019est un peu le flou\u00a0\u00bb \u00c0 17\u00a0ans, Louane est tr\u00e8s int\u00e9ress\u00e9e par les langues. Au quotidien, la lyc\u00e9enne&hellip;\n","protected":false},"author":2,"featured_media":438981,"comment_status":"","ping_status":"","sticky":false,"template":"","format":"standard","meta":{"footnotes":""},"categories":[2817],"tags":[1111,11,1997,1777,674,1011,27,12,2219,25],"class_list":{"0":"post-438980","1":"post","2":"type-post","3":"status-publish","4":"format-standard","5":"has-post-thumbnail","7":"category-bordeaux","8":"tag-actu","9":"tag-actualites","10":"tag-bordeaux","11":"tag-eu","12":"tag-europe","13":"tag-fr","14":"tag-france","15":"tag-news","16":"tag-nouvelle-aquitaine","17":"tag-republique-francaise"},"share_on_mastodon":{"url":"https:\/\/pubeurope.com\/@fr\/115316852832038757","error":""},"_links":{"self":[{"href":"https:\/\/www.europesays.com\/fr\/wp-json\/wp\/v2\/posts\/438980","targetHints":{"allow":["GET"]}}],"collection":[{"href":"https:\/\/www.europesays.com\/fr\/wp-json\/wp\/v2\/posts"}],"about":[{"href":"https:\/\/www.europesays.com\/fr\/wp-json\/wp\/v2\/types\/post"}],"author":[{"embeddable":true,"href":"https:\/\/www.europesays.com\/fr\/wp-json\/wp\/v2\/users\/2"}],"replies":[{"embeddable":true,"href":"https:\/\/www.europesays.com\/fr\/wp-json\/wp\/v2\/comments?post=438980"}],"version-history":[{"count":0,"href":"https:\/\/www.europesays.com\/fr\/wp-json\/wp\/v2\/posts\/438980\/revisions"}],"wp:featuredmedia":[{"embeddable":true,"href":"https:\/\/www.europesays.com\/fr\/wp-json\/wp\/v2\/media\/438981"}],"wp:attachment":[{"href":"https:\/\/www.europesays.com\/fr\/wp-json\/wp\/v2\/media?parent=438980"}],"wp:term":[{"taxonomy":"category","embeddable":true,"href":"https:\/\/www.europesays.com\/fr\/wp-json\/wp\/v2\/categories?post=438980"},{"taxonomy":"post_tag","embeddable":true,"href":"https:\/\/www.europesays.com\/fr\/wp-json\/wp\/v2\/tags?post=438980"}],"curies":[{"name":"wp","href":"https:\/\/api.w.org\/{rel}","templated":true}]}}