{"id":438988,"date":"2025-10-04T16:34:10","date_gmt":"2025-10-04T16:34:10","guid":{"rendered":"https:\/\/www.europesays.com\/fr\/438988\/"},"modified":"2025-10-04T16:34:10","modified_gmt":"2025-10-04T16:34:10","slug":"quand-un-bar-a-cocktails-sinvite-dans-votre-salon","status":"publish","type":"post","link":"https:\/\/www.europesays.com\/fr\/438988\/","title":{"rendered":"quand un bar \u00e0 cocktails s&rsquo;invite dans votre salon"},"content":{"rendered":"<p>            Par<br \/>\n        <strong><br \/>\n            <a href=\"https:\/\/actu.fr\/auteur\/hervine-mahaud\" title=\"Consulter tous les articles de Hervine Mahaud\" target=\"_blank\" rel=\"noopener\">Hervine Mahaud<\/a><br \/>\n        <\/strong><\/p>\n<p>        Publi\u00e9 le<\/p>\n<p>            4 oct. 2025 \u00e0 18h06        <\/p>\n<p>Avoir son propre barman \u00e0 la maison, le temps d\u2019une soir\u00e9e ou d\u2019un \u00e9v\u00e9nement, c\u2019est d\u00e9sormais possible \u00e0 <a href=\"https:\/\/actu.fr\/lille\/\" target=\"_blank\" rel=\"noopener\">Lille<\/a>. Depuis septembre 2025, la plateforme <b data-end=\"363\">Commande ton Barman<\/b> s\u2019est install\u00e9e dans la m\u00e9tropole. Fond\u00e9e \u00e0 Angers en 2023, l\u2019entreprise propose de <b>r\u00e9server un barman professionnel \u00e0 domicile<\/b> pour transformer une simple soir\u00e9e en v\u00e9ritable exp\u00e9rience cocktail. Pour l\u2019heure, une <b>quinzaine de barmans lillois<\/b> sont disponibles pour animer mariages, anniversaires, soir\u00e9es priv\u00e9es ou encore \u00e9v\u00e9nements d\u2019entreprise.<\/p>\n<p>Un service cl\u00e9 en main pour tous les \u00e9v\u00e9nements<\/p>\n<p data-end=\"891\" class=\" wall-content\">Le principe est simple : via la plateforme ou l\u2019application mobile, les particuliers et entreprises peuvent choisir leur barman selon le style de l\u2019\u00e9v\u00e9nement, la dur\u00e9e ou encore le nombre de convives. Le jour J, le professionnel arrive avec son mat\u00e9riel, installe son bar en une demi-heure et prend en main l\u2019animation.<\/p>\n<p data-end=\"891\" class=\" wall-content\">\n<a href=\"https:\/\/www.instagram.com\/p\/DGQqQ8JInnU\/embed\" title=\"Ouvrir le lien sur Instagram\" target=\"_blank\" rel=\"noopener\">Visualiser le contenu sur Instagram<\/a><\/p>\n<p data-end=\"1204\" class=\" wall-content\">Au programme : cocktails originaux, recettes sur mesure, ambiance conviviale et m\u00eame ateliers interactifs o\u00f9 les invit\u00e9s peuvent mettre la main \u00e0 la p\u00e2te et cr\u00e9er leur propre boisson. \u00ab\u00a0L\u2019id\u00e9e, c\u2019est de proposer plus qu\u2019un service de boisson : une v\u00e9ritable exp\u00e9rience humaine et festive\u00a0\u00bb, souligne l\u2019\u00e9quipe.<\/p>\n<p>500 \u00e9v\u00e9nements organis\u00e9s depuis 2023<\/p>\n<p data-end=\"1546\" class=\" wall-content\">En moins de trois ans, Commande ton Barman a d\u00e9j\u00e0 accompagn\u00e9 <b data-end=\"1336\">plus de 500 \u00e9v\u00e9nements<\/b> \u00e0 travers la France, du mariage au festival en passant par les soir\u00e9es priv\u00e9es ou professionnelles. L\u2019entreprise s\u2019appuie sur une communaut\u00e9 de <b data-end=\"1515\">plus de 600 barmans passionn\u00e9s<\/b>, r\u00e9partis dans tout le pays.<\/p>\n<p data-end=\"1784\" class=\" wall-content\">\u00c0 Lille, ils sont d\u00e9j\u00e0 une quinzaine de professionnels \u00e0 avoir rejoint le r\u00e9seau. Avec leurs sp\u00e9cialit\u00e9s et leur cr\u00e9ativit\u00e9, ils assurent des prestations adapt\u00e9es \u00e0 tous les budgets, de la soir\u00e9e entre amis \u00e0 la r\u00e9ception de prestige.<\/p>\n<p>Du cocktail d\u2019accueil \u00e0 la fin de soir\u00e9e<\/p>\n<p data-end=\"2185\" class=\" wall-content\">Mariages, anniversaires, enterrements de vie de jeune fille ou de gar\u00e7on, garden parties, cr\u00e9maill\u00e8res, baby showers\u2026 Les occasions ne manquent pas pour faire appel \u00e0 ce service in\u00e9dit. L\u2019exp\u00e9rience se d\u00e9cline \u00e0 tous les moments-cl\u00e9s : cocktail d\u2019accueil \u00e0 l\u2019arriv\u00e9e des invit\u00e9s, animation durant le d\u00eener ou encore bar central sur la piste de danse.<\/p>\n<p>Votre r\u00e9gion, votre actu !<\/p>\n<p>Recevez chaque jour les infos qui comptent pour vous.<\/p>\n<p>\t<a href=\"https:\/\/actu.fr\/newsletter\" class=\"ac-btn ac-btn--corner ac-btn--medium ac-btn--blue800\" target=\"_blank\" rel=\"noopener\">S&rsquo;incrire<\/a><\/p>\n<p data-end=\"2398\" class=\" wall-content\">\u00ab\u00a0Nos barmans ne se contentent pas de servir des verres, ils cr\u00e9ent une atmosph\u00e8re conviviale et sophistiqu\u00e9e\u00a0\u00bb, explique l\u2019entreprise, qui mise sur la personnalisation et la cr\u00e9ativit\u00e9 pour chaque prestation.<\/p>\n<p>Une ambition nationale<\/p>\n<p data-end=\"2706\" class=\" wall-content\">Apr\u00e8s avoir conquis Angers et plusieurs m\u00e9tropoles comme Nantes, Rennes, Bordeaux ou Lyon, l\u2019entreprise vise d\u00e9sormais une pr\u00e9sence nationale avec des partenariats locaux (salles de r\u00e9ception, agences de mariage, traiteurs, DJ\u2026) et la participation \u00e0 des salons et festivals.<\/p>\n<p data-end=\"2989\" class=\" wall-content\">Au-del\u00e0 de l\u2019aspect festif, Commande ton Barman met aussi en avant une d\u00e9marche plus responsable, avec des produits de saison et locaux, ainsi que des cr\u00e9ations sans alcool. Une mani\u00e8re de r\u00e9inventer l\u2019art de la f\u00eate et de placer la mixologie au c\u0153ur des moments de convivialit\u00e9.<\/p>\n<p data-end=\"3187\" class=\" wall-content\">Avec son arriv\u00e9e \u00e0 Lille, le service esp\u00e8re s\u00e9duire autant les \u00e9tudiants que les familles et les entreprises de la m\u00e9tropole, et devenir un acteur incontournable de la vie \u00e9v\u00e9nementielle locale.<\/p>\n<p>Plus d\u2019infos sur le <a href=\"https:\/\/www.commandetonbarman.fr\/\" target=\"_blank\" rel=\"noopener\">site de Commande ton Barman<\/a>.<\/p>\n<p class=\" wall-content\">Personnalisez votre actualit\u00e9 en ajoutant vos villes et m\u00e9dias en favori avec <a href=\"https:\/\/moncompte.actu.fr\" title=\"D\u00e9couvez Mon Actu\" rel=\"nofollow noopener\" data-trk=\"{&quot;cta&quot;:{&quot;action&quot;:&quot;https:\\\/\\\/moncompte.actu.fr&quot;,&quot;category&quot;:&quot;mon compte&quot;,&quot;from&quot;:&quot;article footer&quot;,&quot;name&quot;:&quot;Mon actu&quot;,&quot;type&quot;:&quot;cta&quot;}}\" target=\"_blank\">Mon Actu<\/a>.<\/p>\n<p>                    <script async src=\"\/\/www.instagram.com\/embed.js\"><\/script><\/p>\n","protected":false},"excerpt":{"rendered":"Par Hervine Mahaud Publi\u00e9 le 4 oct. 2025 \u00e0 18h06 Avoir son propre barman \u00e0 la maison, le&hellip;\n","protected":false},"author":2,"featured_media":438989,"comment_status":"","ping_status":"","sticky":false,"template":"","format":"standard","meta":{"footnotes":""},"categories":[2815],"tags":[1111,11,5702,33,1777,674,1011,27,811,1307,12,3147,25],"class_list":{"0":"post-438988","1":"post","2":"type-post","3":"status-publish","4":"format-standard","5":"has-post-thumbnail","7":"category-lille","8":"tag-actu","9":"tag-actualites","10":"tag-alcool","11":"tag-economie","12":"tag-eu","13":"tag-europe","14":"tag-fr","15":"tag-france","16":"tag-hauts-de-france","17":"tag-lille","18":"tag-news","19":"tag-nouveaux-commerces","20":"tag-republique-francaise"},"share_on_mastodon":{"url":"https:\/\/pubeurope.com\/@fr\/115316867926006156","error":""},"_links":{"self":[{"href":"https:\/\/www.europesays.com\/fr\/wp-json\/wp\/v2\/posts\/438988","targetHints":{"allow":["GET"]}}],"collection":[{"href":"https:\/\/www.europesays.com\/fr\/wp-json\/wp\/v2\/posts"}],"about":[{"href":"https:\/\/www.europesays.com\/fr\/wp-json\/wp\/v2\/types\/post"}],"author":[{"embeddable":true,"href":"https:\/\/www.europesays.com\/fr\/wp-json\/wp\/v2\/users\/2"}],"replies":[{"embeddable":true,"href":"https:\/\/www.europesays.com\/fr\/wp-json\/wp\/v2\/comments?post=438988"}],"version-history":[{"count":0,"href":"https:\/\/www.europesays.com\/fr\/wp-json\/wp\/v2\/posts\/438988\/revisions"}],"wp:featuredmedia":[{"embeddable":true,"href":"https:\/\/www.europesays.com\/fr\/wp-json\/wp\/v2\/media\/438989"}],"wp:attachment":[{"href":"https:\/\/www.europesays.com\/fr\/wp-json\/wp\/v2\/media?parent=438988"}],"wp:term":[{"taxonomy":"category","embeddable":true,"href":"https:\/\/www.europesays.com\/fr\/wp-json\/wp\/v2\/categories?post=438988"},{"taxonomy":"post_tag","embeddable":true,"href":"https:\/\/www.europesays.com\/fr\/wp-json\/wp\/v2\/tags?post=438988"}],"curies":[{"name":"wp","href":"https:\/\/api.w.org\/{rel}","templated":true}]}}