{"id":438996,"date":"2025-10-04T16:38:16","date_gmt":"2025-10-04T16:38:16","guid":{"rendered":"https:\/\/www.europesays.com\/fr\/438996\/"},"modified":"2025-10-04T16:38:16","modified_gmt":"2025-10-04T16:38:16","slug":"un-echafaudage-seffondre-la-rue-de-bourgogne-coupee","status":"publish","type":"post","link":"https:\/\/www.europesays.com\/fr\/438996\/","title":{"rendered":"un \u00e9chafaudage s\u2019effondre, la rue de Bourgogne coup\u00e9e"},"content":{"rendered":"<p>L\u2019alerte a \u00e9t\u00e9 donn\u00e9e vers 15 heures ce samedi 4\u00a0octobre. Un \u00e9chafaudage install\u00e9 dans le cadre de la d\u00e9molition d\u2019un b\u00e2timent s\u2019est en partie \u00e9croul\u00e9 rue de Bourgogne, juste apr\u00e8s l\u2019angle avec la rue de la Claire, \u00e0 Lyon 9e. Aucun bless\u00e9 n\u2019est \u00e0 d\u00e9plorer.<\/p>\n<p>Par chance, les c\u00e2bles de trolley ainsi qu\u2019un arbre ont retenu l&rsquo;\u00e9chafaudage qui, sinon, aurait pu s\u2019effondrer sur la chauss\u00e9e et peut-\u00eatre blesser automobilistes ou passants.<\/p>\n<p>  L\u2019\u00e9chafaudage va \u00eatre d\u00e9mont\u00e9 dans la soir\u00e9e<\/p>\n<p>Des effectifs de la police municipale et de la police nationale sont sur place, accompagn\u00e9s d\u2019un agent de la direction \u00e0 la s\u00e9curit\u00e9 de la mairie de Lyon.<\/p>\n<p>La rue de Bourgogne a \u00e9t\u00e9 coup\u00e9e dans les deux sens de circulation. Une entreprise a \u00e9t\u00e9 mandat\u00e9e pour d\u00e9monter l\u2019\u00e9chafaudage qui balance dangereusement dans le vide, les quatre ouvriers sont en attente de mat\u00e9riel. Des barri\u00e8res de s\u00e9curit\u00e9 sont attendues d\u2019ici 18\u00a0h\u00a030.<\/p>\n<p>Des habitants du b\u00e2timent voisin ne peuvent pas rentrer chez eux pour le moment.<\/p>\n","protected":false},"excerpt":{"rendered":"L\u2019alerte a \u00e9t\u00e9 donn\u00e9e vers 15 heures ce samedi 4\u00a0octobre. Un \u00e9chafaudage install\u00e9 dans le cadre de la&hellip;\n","protected":false},"author":2,"featured_media":438997,"comment_status":"","ping_status":"","sticky":false,"template":"","format":"standard","meta":{"footnotes":""},"categories":[1889],"tags":[1111,11,2430,3542,2757,1777,674,274,1011,27,2428,2756,12,25,2429,2803],"class_list":{"0":"post-438996","1":"post","2":"type-post","3":"status-publish","4":"format-standard","5":"has-post-thumbnail","7":"category-lyon","8":"tag-actu","9":"tag-actualites","10":"tag-auvergne-rhone-alpes","11":"tag-circulation","12":"tag-edition-lyon-villeurbanne","13":"tag-eu","14":"tag-europe","15":"tag-faits-divers-justice","16":"tag-fr","17":"tag-france","18":"tag-lyon","19":"tag-lyon-bassin","20":"tag-news","21":"tag-republique-francaise","22":"tag-rhone","23":"tag-transport"},"share_on_mastodon":{"url":"https:\/\/pubeurope.com\/@fr\/115316883631411829","error":""},"_links":{"self":[{"href":"https:\/\/www.europesays.com\/fr\/wp-json\/wp\/v2\/posts\/438996","targetHints":{"allow":["GET"]}}],"collection":[{"href":"https:\/\/www.europesays.com\/fr\/wp-json\/wp\/v2\/posts"}],"about":[{"href":"https:\/\/www.europesays.com\/fr\/wp-json\/wp\/v2\/types\/post"}],"author":[{"embeddable":true,"href":"https:\/\/www.europesays.com\/fr\/wp-json\/wp\/v2\/users\/2"}],"replies":[{"embeddable":true,"href":"https:\/\/www.europesays.com\/fr\/wp-json\/wp\/v2\/comments?post=438996"}],"version-history":[{"count":0,"href":"https:\/\/www.europesays.com\/fr\/wp-json\/wp\/v2\/posts\/438996\/revisions"}],"wp:featuredmedia":[{"embeddable":true,"href":"https:\/\/www.europesays.com\/fr\/wp-json\/wp\/v2\/media\/438997"}],"wp:attachment":[{"href":"https:\/\/www.europesays.com\/fr\/wp-json\/wp\/v2\/media?parent=438996"}],"wp:term":[{"taxonomy":"category","embeddable":true,"href":"https:\/\/www.europesays.com\/fr\/wp-json\/wp\/v2\/categories?post=438996"},{"taxonomy":"post_tag","embeddable":true,"href":"https:\/\/www.europesays.com\/fr\/wp-json\/wp\/v2\/tags?post=438996"}],"curies":[{"name":"wp","href":"https:\/\/api.w.org\/{rel}","templated":true}]}}