{"id":438998,"date":"2025-10-04T16:41:12","date_gmt":"2025-10-04T16:41:12","guid":{"rendered":"https:\/\/www.europesays.com\/fr\/438998\/"},"modified":"2025-10-04T16:41:12","modified_gmt":"2025-10-04T16:41:12","slug":"a-etretat-un-homme-meurt-en-se-baignant","status":"publish","type":"post","link":"https:\/\/www.europesays.com\/fr\/438998\/","title":{"rendered":"\u00e0 Etretat, un homme meurt en se baignant"},"content":{"rendered":"<p>Deux hommes de 18 et 48 ans se sont baign\u00e9s ce samedi 4 octobre 2025 \u00e0 Etretat. Malgr\u00e9 l&rsquo;intervention des secours, le plus \u00e2g\u00e9 coinc\u00e9 au large en raison des conditions m\u00e9t\u00e9orologiques n&rsquo;a pas pu \u00eatre secouru. Il est d\u00e9c\u00e9d\u00e9.<\/p>\n<p>\n      L\u2019actu des r\u00e9gions\n    <\/p>\n<p>\n      Chaque jour, un tour d\u2019horizon des principales infos de toutes les r\u00e9gions.\n    <\/p>\n<p>    France T\u00e9l\u00e9visions utilise votre adresse e-mail afin de vous envoyer la newsletter \u00ab\u00a0L\u2019actu des r\u00e9gions\u00a0\u00bb. Vous pouvez vous d\u00e9sinscrire \u00e0 tout moment via le lien en bas de cette newsletter. <a target=\"_blank\" href=\"https:\/\/www.francetelevisions.fr\/groupe\/confidentialite\/politique-de-confidentialite\/politique-de-confidentialite-de-france-televisions-6503\" rel=\"nofollow noopener\">Notre politique de confidentialit\u00e9<\/a><\/p>\n<p>Les sapeurs pompiers de Seine-Maritime ont \u00e9t\u00e9 alert\u00e9s ce samedi 4 octobre 2025 vers neuf heures du matin.<\/p>\n<p>Deux hommes \u00e2g\u00e9s de 18 et 48 ans se sont mis \u00e0 l&rsquo;eau \u00e0 la plage d&rsquo;Etretat. Le premier, le plus jeune, a r\u00e9ussi \u00e0 rejoindre le bord. Mais le plus \u00e2g\u00e9 n&rsquo;y est pas parvenu.<\/p>\n<p>Les secours ont op\u00e9r\u00e9 plusieurs tentatives de sauvetage notamment \u00e0 l&rsquo;aide de l&rsquo;h\u00e9licopt\u00e8re Dragon 76. Au vu des rafales de vent et des vagues importantes en raison de la temp\u00eate Amy, l&rsquo;engin n&rsquo;a pas pu acc\u00e9der \u00e0 la victime.<\/p>\n<p>Les sauveteurs aquatiques des sapeurs-pompiers ainsi que la SNSM ont tent\u00e9 en vain de mettre \u00e0 l&rsquo;eau une embarcation.<\/p>\n<p>La victime n&rsquo;a pas pu \u00eatre secourue. Son corps a pu \u00eatre r\u00e9cup\u00e9r\u00e9 \u00e0 mar\u00e9e basse \u00e0 16h00. L&rsquo;homme de 48 ans a \u00e9t\u00e9 d\u00e9clar\u00e9 d\u00e9c\u00e9d\u00e9 par les pompiers.<\/p>\n","protected":false},"excerpt":{"rendered":"Deux hommes de 18 et 48 ans se sont baign\u00e9s ce samedi 4 octobre 2025 \u00e0 Etretat. Malgr\u00e9&hellip;\n","protected":false},"author":2,"featured_media":438999,"comment_status":"","ping_status":"","sticky":false,"template":"","format":"standard","meta":{"footnotes":""},"categories":[1888],"tags":[1111,1928,11,1927,1777,674,1011,27,12,1926,626,1925,25],"class_list":{"0":"post-438998","1":"post","2":"type-post","3":"status-publish","4":"format-standard","5":"has-post-thumbnail","7":"category-paris","8":"tag-actu","9":"tag-actu-paris","10":"tag-actualites","11":"tag-actualites-paris","12":"tag-eu","13":"tag-europe","14":"tag-fr","15":"tag-france","16":"tag-news","17":"tag-news-paris","18":"tag-paris","19":"tag-paris-news","20":"tag-republique-francaise"},"share_on_mastodon":{"url":"https:\/\/pubeurope.com\/@fr\/115316895599931993","error":""},"_links":{"self":[{"href":"https:\/\/www.europesays.com\/fr\/wp-json\/wp\/v2\/posts\/438998","targetHints":{"allow":["GET"]}}],"collection":[{"href":"https:\/\/www.europesays.com\/fr\/wp-json\/wp\/v2\/posts"}],"about":[{"href":"https:\/\/www.europesays.com\/fr\/wp-json\/wp\/v2\/types\/post"}],"author":[{"embeddable":true,"href":"https:\/\/www.europesays.com\/fr\/wp-json\/wp\/v2\/users\/2"}],"replies":[{"embeddable":true,"href":"https:\/\/www.europesays.com\/fr\/wp-json\/wp\/v2\/comments?post=438998"}],"version-history":[{"count":0,"href":"https:\/\/www.europesays.com\/fr\/wp-json\/wp\/v2\/posts\/438998\/revisions"}],"wp:featuredmedia":[{"embeddable":true,"href":"https:\/\/www.europesays.com\/fr\/wp-json\/wp\/v2\/media\/438999"}],"wp:attachment":[{"href":"https:\/\/www.europesays.com\/fr\/wp-json\/wp\/v2\/media?parent=438998"}],"wp:term":[{"taxonomy":"category","embeddable":true,"href":"https:\/\/www.europesays.com\/fr\/wp-json\/wp\/v2\/categories?post=438998"},{"taxonomy":"post_tag","embeddable":true,"href":"https:\/\/www.europesays.com\/fr\/wp-json\/wp\/v2\/tags?post=438998"}],"curies":[{"name":"wp","href":"https:\/\/api.w.org\/{rel}","templated":true}]}}