{"id":439000,"date":"2025-10-04T16:42:14","date_gmt":"2025-10-04T16:42:14","guid":{"rendered":"https:\/\/www.europesays.com\/fr\/439000\/"},"modified":"2025-10-04T16:42:14","modified_gmt":"2025-10-04T16:42:14","slug":"un-trafiquant-de-drogue-arrete-dans-un-faux-embouteillage-cree-par-la-police","status":"publish","type":"post","link":"https:\/\/www.europesays.com\/fr\/439000\/","title":{"rendered":"Un trafiquant de drogue arr\u00eat\u00e9 dans un faux embouteillage cr\u00e9\u00e9 par la police"},"content":{"rendered":"<p class=\"mb-4 text-lg md:leading-8 break-words\">Le pi\u00e8ge s\u2019est referm\u00e9 sur l\u2019un des plus gros <a data-i13n=\"cpos:1;pos:1\" href=\"https:\/\/www.20minutes.fr\/dossier\/trafic_de_drogue?at_medium=RSS%20feed&amp;at_campaign=ynews&amp;utm_source=yahoo&amp;utm_medium=rss&amp;utm_campaign=news_feed&amp;utm_content=in_article_link\" rel=\"nofollow noopener\" target=\"_blank\" data-ylk=\"slk:trafiquants de drogue;cpos:1;pos:1;elm:context_link;itc:0;sec:content-canvas\" class=\"link \">trafiquants de drogue<\/a> fran\u00e7ais, en cavale depuis treize ans. Selon les informations du <a data-i13n=\"cpos:2;pos:1\" href=\"https:\/\/www.leparisien.fr\/faits-divers\/paris-lun-des-plus-gros-trafiquants-de-drogue-francais-arrete-dans-les-bouchons-03-10-2025-VU6KM3W67FAYHNH46U5F26X3NA.php?at_medium=RSS%20feed&amp;at_campaign=ynews&amp;utm_source=yahoo&amp;utm_medium=rss&amp;utm_campaign=news_feed&amp;utm_content=in_article_link\" rel=\"nofollow noopener\" target=\"_blank\" data-ylk=\"slk:Parisien;cpos:2;pos:1;elm:context_link;itc:0;sec:content-canvas\" class=\"link \">Parisien<\/a>, Ameur Mansouri, 49 ans, a \u00e9t\u00e9 arr\u00eat\u00e9 jeudi soir dans le 15e arrondissement de <a data-i13n=\"cpos:3;pos:1\" href=\"https:\/\/www.20minutes.fr\/paris\/?at_medium=RSS%20feed&amp;at_campaign=ynews&amp;utm_source=yahoo&amp;utm_medium=rss&amp;utm_campaign=news_feed&amp;utm_content=in_article_link\" rel=\"nofollow noopener\" target=\"_blank\" data-ylk=\"slk:Paris;cpos:3;pos:1;elm:context_link;itc:0;sec:content-canvas\" class=\"link \">Paris<\/a> gr\u00e2ce \u00e0 un <a data-i13n=\"cpos:4;pos:1\" href=\"https:\/\/www.20minutes.fr\/dossier\/embouteillages?at_medium=RSS%20feed&amp;at_campaign=ynews&amp;utm_source=yahoo&amp;utm_medium=rss&amp;utm_campaign=news_feed&amp;utm_content=in_article_link\" rel=\"nofollow noopener\" target=\"_blank\" data-ylk=\"slk:embouteillage;cpos:4;pos:1;elm:context_link;itc:0;sec:content-canvas\" class=\"link \">embouteillage<\/a> artificiel cr\u00e9e par la police.<\/p>\n<p class=\"mb-4 text-lg md:leading-8 break-words\">Il a \u00e9t\u00e9 interpell\u00e9 au volant de sa voiture, pr\u00e8s de la station de m\u00e9tro Pasteur, par les enqu\u00eateurs de la brigade de recherche et d\u2019intervention (BRI) de Versailles, qui le suivaient d\u00e9j\u00e0 depuis quelques jours.<\/p>\n<p>Recherch\u00e9 par l\u2019Ofast<\/p>\n<p class=\"mb-4 text-lg md:leading-8 break-words\">L\u2019homme, originaire de Montrouge dans les <a data-i13n=\"cpos:5;pos:1\" href=\"https:\/\/www.20minutes.fr\/dossier\/hauts-de-seine?at_medium=RSS%20feed&amp;at_campaign=ynews&amp;utm_source=yahoo&amp;utm_medium=rss&amp;utm_campaign=news_feed&amp;utm_content=in_article_link\" rel=\"nofollow noopener\" target=\"_blank\" data-ylk=\"slk:Hauts-de-Seine;cpos:5;pos:1;elm:context_link;itc:0;sec:content-canvas\" class=\"link \">Hauts-de-Seine<\/a>, \u00e9tait parmi les cibles prioritaires de l\u2019Office central antistup\u00e9fiants (OFAST). Il \u00e9tait recherch\u00e9 pour des faits de s\u00e9questration et de trafic de stup\u00e9fiants.<\/p>\n<p class=\"mb-4 text-lg md:leading-8 break-words\">Vivant notamment au <a data-i13n=\"cpos:6;pos:1\" href=\"https:\/\/www.20minutes.fr\/dossier\/maroc?at_medium=RSS%20feed&amp;at_campaign=ynews&amp;utm_source=yahoo&amp;utm_medium=rss&amp;utm_campaign=news_feed&amp;utm_content=in_article_link\" rel=\"nofollow noopener\" target=\"_blank\" data-ylk=\"slk:Maroc;cpos:6;pos:1;elm:context_link;itc:0;sec:content-canvas\" class=\"link \">Maroc<\/a> depuis 2012, il a continu\u00e9 de g\u00e9rer son r\u00e9seau depuis l\u2019\u00e9tranger tout en revenant parfois en France pour voir ses proches ou g\u00e9rer ses affaires, rapporte Le Parisien. Il a \u00e9t\u00e9 condamn\u00e9, en son absence, en octobre 2017 et d\u00e9cembre 2023 \u00e0 9 et 15 ans d\u2019emprisonnement avec mandat d\u2019arr\u00eat.<\/p>\n<p class=\"mb-4 text-lg md:leading-8 break-words\"><a data-i13n=\"cpos:7;pos:1\" href=\"https:\/\/www.20minutes.fr\/faits_divers\/faits-divers-paris\/4177173-20251004-paris-trafiquant-drogue-arrete-faux-embouteillage-cree-police?at_medium=RSS%20feed&amp;at_campaign=ynews&amp;utm_source=yahoo&amp;utm_medium=rss&amp;utm_campaign=news_feed&amp;utm_content=read_more_link%22\" rel=\"nofollow noopener\" target=\"_blank\" data-ylk=\"slk:Lire la suite sur 20minutes;cpos:7;pos:1;elm:context_link;itc:0;sec:content-canvas\" class=\"link \">Lire la suite sur 20minutes<\/a><\/p>\n<p class=\"mb-4 text-lg md:leading-8 break-words\">\u00c0 lire aussi :<br \/><a data-i13n=\"cpos:8;pos:1\" href=\"https:\/\/www.20minutes.fr\/justice\/4172670-20250912-rennes-apres-mort-compagne-tuee-police-trafiquant-condamne?at_medium=RSS%20feed&amp;at_campaign=ynews&amp;utm_source=yahoo&amp;utm_medium=rss&amp;utm_campaign=news_feed&amp;utm_content=related_content_link\" rel=\"nofollow noopener\" target=\"_blank\" data-ylk=\"slk:Rennes : Apr\u00e8s la mort de sa compagne tu\u00e9e par la police, un trafiquant condamn\u00e9;cpos:8;pos:1;elm:context_link;itc:0;sec:content-canvas\" class=\"link \">Rennes : Apr\u00e8s la mort de sa compagne tu\u00e9e par la police, un trafiquant condamn\u00e9<\/a><br \/><a data-i13n=\"cpos:9;pos:1\" href=\"https:\/\/www.20minutes.fr\/faits_divers\/4172489-20250911-yvelines-police-arrete-deux-personnes-tentaient-livrer-drogue-drone-prison-bois-arcy?at_medium=RSS%20feed&amp;at_campaign=ynews&amp;utm_source=yahoo&amp;utm_medium=rss&amp;utm_campaign=news_feed&amp;utm_content=related_content_link\" rel=\"nofollow noopener\" target=\"_blank\" data-ylk=\"slk:Yvelines : La police arr\u00eate deux personnes qui tentaient de livrer de la drogue par drone dans la prison de Bois-d\u2019Arcy;cpos:9;pos:1;elm:context_link;itc:0;sec:content-canvas\" class=\"link \">Yvelines : La police arr\u00eate deux personnes qui tentaient de livrer de la drogue par drone dans la prison de Bois-d\u2019Arcy<\/a><\/p>\n","protected":false},"excerpt":{"rendered":"Le pi\u00e8ge s\u2019est referm\u00e9 sur l\u2019un des plus gros trafiquants de drogue fran\u00e7ais, en cavale depuis treize ans.&hellip;\n","protected":false},"author":2,"featured_media":439001,"comment_status":"","ping_status":"","sticky":false,"template":"","format":"standard","meta":{"footnotes":""},"categories":[1888],"tags":[1111,1928,11,1927,56597,1777,674,1011,27,3371,12,1926,626,1925,36461,25,56598],"class_list":{"0":"post-439000","1":"post","2":"type-post","3":"status-publish","4":"format-standard","5":"has-post-thumbnail","7":"category-paris","8":"tag-actu","9":"tag-actu-paris","10":"tag-actualites","11":"tag-actualites-paris","12":"tag-ameur-mansouri","13":"tag-eu","14":"tag-europe","15":"tag-fr","16":"tag-france","17":"tag-la-police","18":"tag-news","19":"tag-news-paris","20":"tag-paris","21":"tag-paris-news","22":"tag-parisien","23":"tag-republique-francaise","24":"tag-station-de-metro"},"share_on_mastodon":{"url":"https:\/\/pubeurope.com\/@fr\/115316900375297943","error":""},"_links":{"self":[{"href":"https:\/\/www.europesays.com\/fr\/wp-json\/wp\/v2\/posts\/439000","targetHints":{"allow":["GET"]}}],"collection":[{"href":"https:\/\/www.europesays.com\/fr\/wp-json\/wp\/v2\/posts"}],"about":[{"href":"https:\/\/www.europesays.com\/fr\/wp-json\/wp\/v2\/types\/post"}],"author":[{"embeddable":true,"href":"https:\/\/www.europesays.com\/fr\/wp-json\/wp\/v2\/users\/2"}],"replies":[{"embeddable":true,"href":"https:\/\/www.europesays.com\/fr\/wp-json\/wp\/v2\/comments?post=439000"}],"version-history":[{"count":0,"href":"https:\/\/www.europesays.com\/fr\/wp-json\/wp\/v2\/posts\/439000\/revisions"}],"wp:featuredmedia":[{"embeddable":true,"href":"https:\/\/www.europesays.com\/fr\/wp-json\/wp\/v2\/media\/439001"}],"wp:attachment":[{"href":"https:\/\/www.europesays.com\/fr\/wp-json\/wp\/v2\/media?parent=439000"}],"wp:term":[{"taxonomy":"category","embeddable":true,"href":"https:\/\/www.europesays.com\/fr\/wp-json\/wp\/v2\/categories?post=439000"},{"taxonomy":"post_tag","embeddable":true,"href":"https:\/\/www.europesays.com\/fr\/wp-json\/wp\/v2\/tags?post=439000"}],"curies":[{"name":"wp","href":"https:\/\/api.w.org\/{rel}","templated":true}]}}