{"id":439011,"date":"2025-10-04T16:48:13","date_gmt":"2025-10-04T16:48:13","guid":{"rendered":"https:\/\/www.europesays.com\/fr\/439011\/"},"modified":"2025-10-04T16:48:13","modified_gmt":"2025-10-04T16:48:13","slug":"six-personnes-interrogees-par-la-police","status":"publish","type":"post","link":"https:\/\/www.europesays.com\/fr\/439011\/","title":{"rendered":"six personnes interrog\u00e9es par la police"},"content":{"rendered":"<p>Six personnes soup\u00e7onn\u00e9es de \u00ab pr\u00e9paration et d&rsquo;incitation \u00e0 commettre des actes terroristes \u00bb sont interrog\u00e9es par la police britannique samedi, deux jours apr\u00e8s <a href=\"https:\/\/www.ledauphine.com\/faits-divers-justice\/2025\/10\/02\/attaque-au-couteau-a-proximite-d-une-synagogue-au-nord-de-manchester\" target=\"_blank\" rel=\"noopener\">l&rsquo;attaque devant une synagogue<\/a> \u00e0 Manchester qui a fait <a href=\"https:\/\/www.ledauphine.com\/societe\/2025\/10\/03\/attentat-pres-d-une-synagogue-une-victime-pourrait-avoir-ete-tuee-par-un-tir-de-la-police\" target=\"_blank\" rel=\"noopener\">deux morts et trois bless\u00e9s graves.<\/a>\u00a0Elles ont \u00e9t\u00e9 arr\u00eat\u00e9es et plac\u00e9es en garde \u00e0 vue. La police antiterroriste a demand\u00e9 des \u00ab mandats \u00bb afin de pouvoir les maintenir en d\u00e9tention.<\/p>\n<p>Des rassemblements propalestiniens sont pr\u00e9vus ce samedi, notamment \u00e0 Londres, malgr\u00e9 les appels du gouvernement et de la police \u00e0 ne pas manifester apr\u00e8s cette attaque contre la communaut\u00e9 juive.\u00a0 \u00ab J&rsquo;invite tous ceux qui envisagent de manifester \u00e0 reconna\u00eetre et \u00e0 respecter la douleur des juifs britanniques \u00bb, a \u00e9crit sur X le Premier ministre <a href=\"https:\/\/www.ledauphine.com\/p\/keir-starmer\" target=\"_blank\" rel=\"noopener\">Keir Starmer<\/a>. \u00ab C&rsquo;est un moment de deuil. Ce n&rsquo;est pas le moment d&rsquo;attiser les tensions et de causer davantage de souffrance. C&rsquo;est le moment de se serrer les coudes \u00bb, a-t-il ajout\u00e9.<\/p>\n<p>  Un rassemblement de soutien<\/p>\n<p>Un rassemblement de soutien au groupe Palestine Action, class\u00e9 \u00ab terroriste \u00bb par le gouvernement britannique, doit avoir lieu en milieu de journ\u00e9e \u00e0 Trafalgar Square \u00e0 Londres. L&rsquo;association Defend Our Juries, qui organise le rassemblement, a fait part de sa \u00ab solidarit\u00e9 \u00bb avec la communaut\u00e9 juive en annon\u00e7ant le maintien de la manifestation. Un report du rassemblement \u00ab risquerait d&rsquo;amalgamer les actions de l&rsquo;Etat d&rsquo;Isra\u00ebl avec celles des juifs \u00e0 travers le monde, comme cherche \u00e0 le faire \u00bb le Premier ministre isra\u00e9lien Benjamin Netanyahou, a affirm\u00e9 un porte-parole de Defend Our Juries.<\/p>\n<p>L&rsquo;attentat de jeudi contre une synagogue de Manchester est l&rsquo;un des pires visant la communaut\u00e9 juive en Europe depuis l&rsquo;attaque du Hamas le 7 octobre 2023 en Isra\u00ebl, qui a d\u00e9clench\u00e9 la guerre \u00e0 Gaza. Depuis deux ans, le Royaume-Uni, comme d&rsquo;autres pays europ\u00e9ens, a connu une forte augmentation des actes antis\u00e9mites et islamophobes.<\/p>\n<p>Des patrouilles renforc\u00e9es<\/p>\n<p>A Manchester, o\u00f9 vit l&rsquo;une des plus importantes communaut\u00e9s juives du Royaume-Uni, les patrouilles renforc\u00e9es des forces de l&rsquo;ordre se poursuivaient samedi. La police a particuli\u00e8rement accru sa pr\u00e9sence pr\u00e8s des lieux de culte et des espaces communautaires juifs. L&rsquo;attaque \u00e0 Manchester s&rsquo;est produite jeudi matin au moment o\u00f9 la synagogue \u00e9tait tr\u00e8s fr\u00e9quent\u00e9e \u00e0 l&rsquo;occasion de la f\u00eate juive de Yom Kippour.<\/p>\n<p>L&rsquo;assaillant, Jihad Al-Shamie, un Britannique d&rsquo;origine syrienne de 35 ans, a fonc\u00e9 avec sa voiture sur des personnes qui se trouvaient devant le b\u00e2timent, avant de sortir de son v\u00e9hicule et d&rsquo;attaquer des fid\u00e8les avec son couteau. L&rsquo;homme, abattu par la police sur les lieux, \u00ab a pu \u00eatre influenc\u00e9 par l&rsquo;id\u00e9ologie islamiste radicale \u00bb, a soulign\u00e9 la police antiterroriste vendredi soir. Il n&rsquo;avait jamais fait l&rsquo;objet d&rsquo;un signalement pour extr\u00e9misme. Il a par contre \u00e9t\u00e9 r\u00e9cemment inculp\u00e9 pour viol et \u00e9tait en libert\u00e9 conditionnelle.<\/p>\n<p>  Trois bless\u00e9s graves<\/p>\n<p>Deux fid\u00e8les, Melvin Cravitz et Adrian Daulby, ont \u00e9t\u00e9 tu\u00e9s dans l&rsquo;attaque de la synagogue. Ce dernier a \u00e9t\u00e9 touch\u00e9 par un tir des forces de l&rsquo;ordre qui intervenaient pour neutraliser l&rsquo;assaillant. Selon la police des polices (IOPC, Independent Office for Police Conduct), une autopsie a conclu qu&rsquo;il avait \u00e9t\u00e9 \u00ab mortellement bless\u00e9 par balle \u00bb.<\/p>\n<p>Trois hommes gri\u00e8vement bless\u00e9s sont toujours hospitalis\u00e9s samedi. L&rsquo;un d&rsquo;eux a \u00e9galement \u00e9t\u00e9 touch\u00e9 par un tir de la police. La famille de Jihad Al-Shamie a condamn\u00e9 l&rsquo;attaque contre la synagogue sur Facebook, la qualifiant d&rsquo;\u00ab acte odieux \u00bb ayant vis\u00e9 \u00ab des civils innocents \u00bb.<\/p>\n","protected":false},"excerpt":{"rendered":"Six personnes soup\u00e7onn\u00e9es de \u00ab pr\u00e9paration et d&rsquo;incitation \u00e0 commettre des actes terroristes \u00bb sont interrog\u00e9es par la&hellip;\n","protected":false},"author":2,"featured_media":439012,"comment_status":"","ping_status":"","sticky":false,"template":"","format":"standard","meta":{"footnotes":""},"categories":[1588],"tags":[11,271,272,1777,674,274,107,329,12,473,1853,1851,1850,1852],"class_list":{"0":"post-439011","1":"post","2":"type-post","3":"status-publish","4":"format-standard","5":"has-post-thumbnail","7":"category-royaume-uni","8":"tag-actualites","9":"tag-crime","10":"tag-delit-et-contravention","11":"tag-eu","12":"tag-europe","13":"tag-faits-divers-justice","14":"tag-fil-info","15":"tag-france-monde","16":"tag-news","17":"tag-royaume-uni","18":"tag-royaume-uni-de-grande-bretagne-et-dirlande-du-nord","19":"tag-uk","20":"tag-united-kingdom","21":"tag-united-kingdom-of-great-britain-and-northern-ireland"},"share_on_mastodon":{"url":"https:\/\/pubeurope.com\/@fr\/115316922991072316","error":""},"_links":{"self":[{"href":"https:\/\/www.europesays.com\/fr\/wp-json\/wp\/v2\/posts\/439011","targetHints":{"allow":["GET"]}}],"collection":[{"href":"https:\/\/www.europesays.com\/fr\/wp-json\/wp\/v2\/posts"}],"about":[{"href":"https:\/\/www.europesays.com\/fr\/wp-json\/wp\/v2\/types\/post"}],"author":[{"embeddable":true,"href":"https:\/\/www.europesays.com\/fr\/wp-json\/wp\/v2\/users\/2"}],"replies":[{"embeddable":true,"href":"https:\/\/www.europesays.com\/fr\/wp-json\/wp\/v2\/comments?post=439011"}],"version-history":[{"count":0,"href":"https:\/\/www.europesays.com\/fr\/wp-json\/wp\/v2\/posts\/439011\/revisions"}],"wp:featuredmedia":[{"embeddable":true,"href":"https:\/\/www.europesays.com\/fr\/wp-json\/wp\/v2\/media\/439012"}],"wp:attachment":[{"href":"https:\/\/www.europesays.com\/fr\/wp-json\/wp\/v2\/media?parent=439011"}],"wp:term":[{"taxonomy":"category","embeddable":true,"href":"https:\/\/www.europesays.com\/fr\/wp-json\/wp\/v2\/categories?post=439011"},{"taxonomy":"post_tag","embeddable":true,"href":"https:\/\/www.europesays.com\/fr\/wp-json\/wp\/v2\/tags?post=439011"}],"curies":[{"name":"wp","href":"https:\/\/api.w.org\/{rel}","templated":true}]}}