{"id":439033,"date":"2025-10-04T17:02:12","date_gmt":"2025-10-04T17:02:12","guid":{"rendered":"https:\/\/www.europesays.com\/fr\/439033\/"},"modified":"2025-10-04T17:02:12","modified_gmt":"2025-10-04T17:02:12","slug":"cyclisme-championnats-deurope-uec-drome-ardeche-2025-resume-femmes-juniors","status":"publish","type":"post","link":"https:\/\/www.europesays.com\/fr\/439033\/","title":{"rendered":"Cyclisme &#8211; Championnats d&rsquo;Europe UEC Dr\u00f4me-Ard\u00e8che 2025 &#8211; R\u00e9sum\u00e9 Femmes Juniors"},"content":{"rendered":"<p>\n                                            L&rsquo;avenir du cyclisme espagnol f\u00e9minin s&rsquo;annonce radieux ! Dans la lign\u00e9e de Mondiaux d\u00e9j\u00e0 tr\u00e8s r\u00e9ussis \u00e0 Kigali (Rwanda), l&rsquo;Espagne vit une journ\u00e9e de r\u00eave ce vendredi 3 octobre sur les Championnats d&rsquo;Europe 2025 : apr\u00e8s le sacre europ\u00e9en de Paula Blasi ches les Espoirs ce matin, c&rsquo;est au tour de sa jeune compatriote Paula Ostiz d&rsquo;\u00eatre sacr\u00e9e championne d&rsquo;Europe Juniors et de poursuivre sa razzia sur les comp\u00e9titions internationales U19. C&rsquo;est bien simple : sur les quatre titres mis en jeu depuis deux semaines (chrono + course en ligne des Mondiaux et des Europe), la p\u00e9pite de 18 ans originaire de Pampelune n&rsquo;en a laiss\u00e9 \u00e9chapp\u00e9 qu&rsquo;un seul, battue par Megan Arens sur le contre-la-montre des Mondiaux. Depuis, elle a donc encha\u00een\u00e9 trois triomphes de suite, r\u00e9alisant ainsi le doubl\u00e9 Mondiaux-Europe sur la course en ligne, et devenant double championne d&rsquo;Europe.<\/p>\n<p>Vid\u00e9o : UEC Cycling<\/p>\n<p>\u00ab Le v\u00e9lo, partout &amp; toujours ici \u00bb sur<\/p>\n<p>https:\/\/www.cyclismactu.net \/ Cyclism&rsquo;Actu\n                                    <\/p>\n<p>Vid\u00e9o suivante dans 5 secondes<\/p>\n","protected":false},"excerpt":{"rendered":"L&rsquo;avenir du cyclisme espagnol f\u00e9minin s&rsquo;annonce radieux ! Dans la lign\u00e9e de Mondiaux d\u00e9j\u00e0 tr\u00e8s r\u00e9ussis \u00e0 Kigali&hellip;\n","protected":false},"author":2,"featured_media":439034,"comment_status":"","ping_status":"","sticky":false,"template":"","format":"standard","meta":{"footnotes":""},"categories":[1411],"tags":[1154,56602,56603,207,6973,211,1011,27,19716,56605,2944,8804,15266,60,23692,1364,212,56604,133],"class_list":{"0":"post-439033","1":"post","2":"type-post","3":"status-publish","4":"format-standard","5":"has-post-thumbnail","7":"category-cyclisme","8":"tag-cycling","9":"tag-cyclismactu","10":"tag-cyclismactu-net","11":"tag-cyclisme","12":"tag-digital","13":"tag-ffc","14":"tag-fr","15":"tag-france","16":"tag-giro","17":"tag-la-vuelta","18":"tag-lnc","19":"tag-road","20":"tag-road-cycling","21":"tag-sports","22":"tag-tdf","23":"tag-tv","24":"tag-uci","25":"tag-uec","26":"tag-video"},"share_on_mastodon":{"url":"https:\/\/pubeurope.com\/@fr\/115316978162256446","error":""},"_links":{"self":[{"href":"https:\/\/www.europesays.com\/fr\/wp-json\/wp\/v2\/posts\/439033","targetHints":{"allow":["GET"]}}],"collection":[{"href":"https:\/\/www.europesays.com\/fr\/wp-json\/wp\/v2\/posts"}],"about":[{"href":"https:\/\/www.europesays.com\/fr\/wp-json\/wp\/v2\/types\/post"}],"author":[{"embeddable":true,"href":"https:\/\/www.europesays.com\/fr\/wp-json\/wp\/v2\/users\/2"}],"replies":[{"embeddable":true,"href":"https:\/\/www.europesays.com\/fr\/wp-json\/wp\/v2\/comments?post=439033"}],"version-history":[{"count":0,"href":"https:\/\/www.europesays.com\/fr\/wp-json\/wp\/v2\/posts\/439033\/revisions"}],"wp:featuredmedia":[{"embeddable":true,"href":"https:\/\/www.europesays.com\/fr\/wp-json\/wp\/v2\/media\/439034"}],"wp:attachment":[{"href":"https:\/\/www.europesays.com\/fr\/wp-json\/wp\/v2\/media?parent=439033"}],"wp:term":[{"taxonomy":"category","embeddable":true,"href":"https:\/\/www.europesays.com\/fr\/wp-json\/wp\/v2\/categories?post=439033"},{"taxonomy":"post_tag","embeddable":true,"href":"https:\/\/www.europesays.com\/fr\/wp-json\/wp\/v2\/tags?post=439033"}],"curies":[{"name":"wp","href":"https:\/\/api.w.org\/{rel}","templated":true}]}}