{"id":439036,"date":"2025-10-04T17:04:24","date_gmt":"2025-10-04T17:04:24","guid":{"rendered":"https:\/\/www.europesays.com\/fr\/439036\/"},"modified":"2025-10-04T17:04:24","modified_gmt":"2025-10-04T17:04:24","slug":"gims-apres-lannonce-de-son-divorce-il-renoue-avec-son-ex","status":"publish","type":"post","link":"https:\/\/www.europesays.com\/fr\/439036\/","title":{"rendered":"Gims\u00a0: apr\u00e8s l\u2019annonce de son divorce, il renoue avec son ex\u00a0!"},"content":{"rendered":"<p><strong>Que se passe-t-il entre Gims et Demdem\u00a0?<\/strong> Pour rappel, en juin dernier, ce qui semblait impensable est arriv\u00e9. Sur Instagram, la femme du <a href=\"https:\/\/www.public.fr\/gims-se-retire-suite-a-un-probleme-familial-important\" target=\"_blank\" rel=\"noopener\">rappeur de 39 ans<\/a> a commenc\u00e9 par annoncer \u00eatre \u00ab\u00a0<strong>c\u00e9libataire<\/strong>\u00a0\u00bb avant de mettre un terme d\u00e9finitif aux rumeurs en annon\u00e7ant \u00eatre \u00ab\u00a0<strong>divorc\u00e9e<\/strong>\u00ab\u00a0. Une annonce \u00e0 laquelle son ex a simplement r\u00e9pondu par un \u00ab\u00a0<strong>Je t&rsquo;aime<\/strong>\u00ab\u00a0. Gims et Demdem, <strong><a href=\"https:\/\/www.public.fr\/gims-et-demdem-le-divorce\" target=\"_blank\" rel=\"noopener\">c&rsquo;est donc fini<\/a>\u00a0?<\/strong> Pourtant, apr\u00e8s vingt ans de mariage, <strong>le couple semblait plus solide que jamais<\/strong>.<\/p>\n<p>M<strong>ari\u00e9s en 2005, <\/strong>tous les deux ont eu <strong>quatre enfants<\/strong>. Quelle est la raison de leur s\u00e9paration\u00a0? Nul ne le sait\u2026 En revanche, sur ses r\u00e9seaux sociaux, <a href=\"https:\/\/www.public.fr\/gims-reglement-de-comptes-inattendu-avec-pascal-praud\" target=\"_blank\" rel=\"noopener\">l&rsquo;interpr\u00e8te de Sap\u00e9 comme jamais<\/a> est <strong>apparu d\u00e9sempar\u00e9<\/strong>. En effet, quelques jours apr\u00e8s la publication fracassante de <a href=\"https:\/\/www.public.fr\/gims-lheure-du-divorce-a-sonne-son-ex-demdem-deja-apercue-en-charmante-compagnie\" target=\"_blank\" rel=\"noopener\">son ex-moiti\u00e9<\/a>, Gims a ouvert son album de famille \u00e0 ses abonn\u00e9s. Des clich\u00e9s personnels auxquels il a ajout\u00e9 quelques mots en l\u00e9gende. \u00ab\u00a0<strong>Je regarde nos photos et je me dis t\u2019es tellement belle<\/strong>\u00ab\u00a0, a-t-il \u00e9crit.<\/p>\n<p>\u00ab\u00a0Dommage que je sois oblig\u00e9 de cligner des yeux, ce sont des millisecondes perdues \u00e0 ne pas te regarder.<strong> <a href=\"https:\/\/www.public.fr\/je-ne-te-laisserais-jamais-ten-aller-tu-mappartiens-demdem-annonce-son-divorce-gims-reagit-enfin-et-lache-une-bombe\" target=\"_blank\" rel=\"noopener\">J\u2019te laisserai jamais t\u2019en aller<\/a><\/strong>, ou que l\u2019on soit dans n\u2019importe quel multivers tu m\u2019appartiens. <strong>Je t\u2019aime<\/strong>\u00ab\u00a0, a-t-il conclu visiblement <strong>pr\u00eat \u00e0 tout pour reconqu\u00e9rir <a href=\"https:\/\/www.public.fr\/gims-onde-de-choc-la-mere-de-ses-enfants-demdem-annonce-leur-divorce\" target=\"_blank\" rel=\"noopener\">la m\u00e8re de ses enfants<\/a>.<\/strong> Et s\u2019il y \u00e9tait parvenu\u00a0? Ce 29\u00a0septembre, un couple d&rsquo;amis a d\u00e9voil\u00e9 un clich\u00e9 qui pourrait aller en ce sens.<\/p>\n<p>Gims et Demdem de nouveau r\u00e9unis<\/p>\n<p>La photo en question a \u00e9t\u00e9 prise au restaurant Les Jardins du Lotus <strong>\u00e0 Marrakech<\/strong> et a \u00e9t\u00e9 post\u00e9e par \u00ab\u00a0Mr Moussa\u00a0\u00bb aux c\u00f4t\u00e9s de sa compagne Maeva Bezzioune. Tous les deux sont les <strong>heureux parents de deux enfants <\/strong>mais \u00e9galement les <strong>fondateurs d&rsquo;une marque de v\u00eatements<\/strong> baptis\u00e9e MA\u00cb PARIS. Sur le compte Instagram de cet homme, on peut d&rsquo;ailleurs constater que <a href=\"https:\/\/www.google.com\/url?sa=t&amp;source=web&amp;rct=j&amp;opi=89978449&amp;url=https:\/\/vsd.fr\/82549-gims-refuse-de-divorcer-davec-demdem-et-le-lui-fait-savoir-en-story-instagram\/&amp;ved=2ahUKEwjMg6LlzICQAxWJT6QEHdjlGBIQFnoECBcQAQ&amp;usg=AOvVaw0FO-WqYxJupM-Y4butKRLW\" target=\"_blank\" rel=\"noopener\">l&rsquo;artiste congolais<\/a> a d\u00e9j\u00e0 collabor\u00e9 avec la marque par le pass\u00e9.<\/p>\n<p>Toutefois, au-del\u00e0 du lien professionnel qui semble unir les deux hommes, <strong>tous les deux semblent \u00eatre devenus amis <\/strong>et c&rsquo;est ainsi qu&rsquo;ils se seraient r\u00e9cemment retrouv\u00e9s au restaurant en compagnie de leurs deux femmes. En tout cas, sur ce clich\u00e9, <strong>tous les quatre apparaissent tout sourire<\/strong>. Est-ce l\u00e0 le signe que Gims et <a href=\"https:\/\/www.google.com\/url?sa=t&amp;source=web&amp;rct=j&amp;opi=89978449&amp;url=https:\/\/vsd.fr\/12736-diaporama-decouvrez-demdem-la-belle-epouse-de-maitre-gims\/&amp;ved=2ahUKEwiesouUzYCQAxWYKvsDHRUGGLgQFnoECBYQAQ&amp;usg=AOvVaw0BQruPeubok5vIt1iWgHqu\" target=\"_blank\" rel=\"noopener\">Demdem <\/a>se sont rabiboch\u00e9s\u00a0? Peut-\u00eatre viendront-ils \u00e0 le confirmer prochainement sur leurs r\u00e9seaux sociaux.<\/p>\n<p>      Mentionn\u00e9s dans cet article<\/p>\n<p>      Sur le m\u00eame sujet<\/p>\n","protected":false},"excerpt":{"rendered":"Que se passe-t-il entre Gims et Demdem\u00a0? Pour rappel, en juin dernier, ce qui semblait impensable est arriv\u00e9.&hellip;\n","protected":false},"author":2,"featured_media":439037,"comment_status":"","ping_status":"","sticky":false,"template":"","format":"standard","meta":{"footnotes":""},"categories":[1359],"tags":[1376,1695,5551,1696,1193,2392,58,7681,59,1011,27,16676,1930,973,6198,1340],"class_list":{"0":"post-439036","1":"post","2":"type-post","3":"status-publish","4":"format-standard","5":"has-post-thumbnail","7":"category-people","8":"tag-amour","9":"tag-chanson","10":"tag-chanson-francaise","11":"tag-chanteur","12":"tag-couple","13":"tag-couple-de-stars","14":"tag-divertissement","15":"tag-divorce","16":"tag-entertainment","17":"tag-fr","18":"tag-france","19":"tag-maitre-gims","20":"tag-mariage","21":"tag-people","22":"tag-rappeur","23":"tag-restaurant"},"share_on_mastodon":{"url":"https:\/\/pubeurope.com\/@fr\/115316985895363012","error":""},"_links":{"self":[{"href":"https:\/\/www.europesays.com\/fr\/wp-json\/wp\/v2\/posts\/439036","targetHints":{"allow":["GET"]}}],"collection":[{"href":"https:\/\/www.europesays.com\/fr\/wp-json\/wp\/v2\/posts"}],"about":[{"href":"https:\/\/www.europesays.com\/fr\/wp-json\/wp\/v2\/types\/post"}],"author":[{"embeddable":true,"href":"https:\/\/www.europesays.com\/fr\/wp-json\/wp\/v2\/users\/2"}],"replies":[{"embeddable":true,"href":"https:\/\/www.europesays.com\/fr\/wp-json\/wp\/v2\/comments?post=439036"}],"version-history":[{"count":0,"href":"https:\/\/www.europesays.com\/fr\/wp-json\/wp\/v2\/posts\/439036\/revisions"}],"wp:featuredmedia":[{"embeddable":true,"href":"https:\/\/www.europesays.com\/fr\/wp-json\/wp\/v2\/media\/439037"}],"wp:attachment":[{"href":"https:\/\/www.europesays.com\/fr\/wp-json\/wp\/v2\/media?parent=439036"}],"wp:term":[{"taxonomy":"category","embeddable":true,"href":"https:\/\/www.europesays.com\/fr\/wp-json\/wp\/v2\/categories?post=439036"},{"taxonomy":"post_tag","embeddable":true,"href":"https:\/\/www.europesays.com\/fr\/wp-json\/wp\/v2\/tags?post=439036"}],"curies":[{"name":"wp","href":"https:\/\/api.w.org\/{rel}","templated":true}]}}