{"id":43904,"date":"2025-04-22T12:09:08","date_gmt":"2025-04-22T12:09:08","guid":{"rendered":"https:\/\/www.europesays.com\/fr\/43904\/"},"modified":"2025-04-22T12:09:08","modified_gmt":"2025-04-22T12:09:08","slug":"en-10-ans-on-ne-sest-jamais-disputes","status":"publish","type":"post","link":"https:\/\/www.europesays.com\/fr\/43904\/","title":{"rendered":"\u00abEn 10 ans, on ne s\u2019est jamais disput\u00e9s\u00bb"},"content":{"rendered":"<p>                             Par S\u00e9gol\u00e8ne Forgar<\/p>\n<p>\n            Publi\u00e9<br \/>\n                le 22 avril 2025 \u00e0 12h09\n        <\/p>\n<p>    Amal et George Clooney sur le tapis rouge de la Clooney Foundation for Justice. (New York, le 26 septembre 2024.)<br \/>\n                ABACA<\/p>\n<p>Alors qu\u2019il se lance \u00e0 Broadway, l\u2019acteur de 63 ans revient sur son union avec l\u2019avocate Amal Clooney. Et s\u2019\u00e9panche aussi sur leurs jumeaux de 7 ans.<\/p>\n<p class=\"fig-paragraph\">\u00abOn essaie de trouver une raison de se disputer\u00a0!\u00bb Lors de son apparition sur le plateau de CBS Mornings, ce lundi 21 avril,\u00a0<a href=\"https:\/\/madame.lefigaro.fr\/tag\/george-clooney\" target=\"_blank\" rel=\"noopener\" data-gtm-custom-categorie=\"navigation\" data-gtm-custom-action=\"crossclick\" data-gtm-custom-label=\"Contextuel\" data-gtm-event=\"customEventSPE\">George Clooney<\/a>\u00a0n\u2019a pas seulement fait la promotion de ses d\u00e9buts \u00e0 Broadway dans Good Night, and Good Luck. Il a aussi lev\u00e9 le voile sur l\u2019extraordinaire s\u00e9r\u00e9nit\u00e9 du couple qu\u2019il forme avec son \u00e9pouse\u00a0<a href=\"https:\/\/madame.lefigaro.fr\/tag\/amal-alamuddin-clooney\" target=\"_blank\" rel=\"noopener\" data-gtm-custom-categorie=\"navigation\" data-gtm-custom-action=\"crossclick\" data-gtm-custom-label=\"Contextuel\" data-gtm-event=\"customEventSPE\">Amal<\/a>\u00a0depuis plus d\u2019une d\u00e9cennie. \u00abJe me souviens qu\u2019on \u00e9tait d\u00e9j\u00e0 venus ici avec toi, et qu\u2019on avait dit qu\u2019on ne s\u2019\u00e9tait jamais disput\u00e9s. Et ce n\u2019est toujours pas le cas\u00bb, a assur\u00e9 l\u2019acteur de 63 ans\u00a0<a href=\"https:\/\/www.youtube.com\/watch?v=5JXZbDC-rBs&amp;ab_channel=CBSMornings\" target=\"_blank\" rel=\"nofollow noopener\" data-gtm-custom-categorie=\"navigation\" data-gtm-custom-action=\"crossclick\" data-gtm-custom-label=\"Contextuel\" data-gtm-event=\"customEventSPE\">\u00e0 l\u2019animatrice Gayle King<\/a>, qui revient tout juste d\u2019un vol spatial aux c\u00f4t\u00e9s de Lauren S\u00e1nchez et Katy Perry. Puis de se r\u00e9jouir\u00a0: \u00abJe me sens incroyablement chanceux d\u2019avoir rencontr\u00e9 cette femme incroyable. J\u2019ai l\u2019impression d\u2019avoir gagn\u00e9 le gros lot. Il ne se passe pas un jour sans que je me consid\u00e8re comme l\u2019homme le plus chanceux du monde.\u00bb<\/p>\n<p class=\"fig-paragraph\">Au-del\u00e0 de sa relation conjugale idyllique, George Clooney s\u2019est \u00e9galement confi\u00e9 sur CBS sur ses jumeaux Alexander et Ella, aujourd\u2019hui \u00e2g\u00e9s de 7 ans. \u00abNos enfants ont 7 ans, bient\u00f4t 8, ce qui est un \u00e2ge plut\u00f4t id\u00e9al. Ils sont tr\u00e8s curieux et dr\u00f4les. Tous les parents trouvent leurs enfants formidables ; nos enfants sont dr\u00f4les et nous font rire\u00bb, a-t-il partag\u00e9 avec tendresse.<\/p>\n<p>\u00a0\u00bb<br \/>\n        data-script=\u00a0\u00bbhttps:\/\/static.lefigaro.fr\/widget-video\/short-ttl\/video\/index.js\u00a0\u00bb<br \/>\n    &gt;<\/p>\n<p>\u00abC\u2019est exasp\u00e9rant pour certains de nos amis\u00bb<\/p>\n<p class=\"fig-paragraph\">En septembre 2022, dans la m\u00eame \u00e9mission matinale de CBS, George Clooney affirmait alors que son mariage solide avec Amal\u00a0<a href=\"https:\/\/www.youtube.com\/watch?v=dsf2nz2_jew\" target=\"_blank\" rel=\"nofollow noopener\" data-gtm-custom-categorie=\"navigation\" data-gtm-custom-action=\"crossclick\" data-gtm-custom-label=\"Contextuel\" data-gtm-event=\"customEventSPE\">\u00e9tait \u00abfacile\u00bb<\/a>. \u00abC\u2019est de loin la chose la plus facile de notre vie. Nous ne nous sommes jamais disput\u00e9s\u00bb, l\u00e2chait-il. Ce \u00e0 quoi sa femme rench\u00e9rissait\u00a0: \u00abC\u2019est exasp\u00e9rant pour certains de nos amis. J\u2019ai un cousin, en fait, chaque fois qu\u2019on le voit, sa premi\u00e8re question est\u00a0: \u00ab\u00a0Alors, tu t\u2019es d\u00e9j\u00e0 disput\u00e9\u00a0?\u00a0\u00bb avant m\u00eame de dire bonjour.\u00bb Et m\u00eame en ce qui concerne la p\u00e9riode difficile de la pand\u00e9mie, lors de laquelle de nombreux couples ont vu leur relation mise \u00e0 l\u2019\u00e9preuve, les Clooney affirment l\u2019avoir travers\u00e9e sans accroc. \u00abPour nous, \u00e7a a \u00e9t\u00e9 tr\u00e8s facile\u00bb, d\u00e9clarait l\u2019acteur lors d\u2019<a href=\"https:\/\/people.com\/movies\/george-clooney-opens-up-about-family-giving-back-and-his-faith-in-americas-future-you-cant-give-up\/\" target=\"_blank\" rel=\"nofollow noopener\" data-gtm-custom-categorie=\"navigation\" data-gtm-custom-action=\"crossclick\" data-gtm-custom-label=\"Contextuel\" data-gtm-event=\"customEventSPE\">une interview accord\u00e9e au magazine People<\/a> \u00a0en d\u00e9cembre 2020.<\/p>\n<p class=\"fig-paragraph\">Pourtant, si les Clooney filent le parfait amour, leur union \u00e9tait loin d\u2019\u00eatre une \u00e9vidence. Et la premi\u00e8re \u00e0 en \u00eatre surprise n\u2019est autre qu\u2019Amal Alamuddin, avocate sp\u00e9cialis\u00e9e en droit international \u00e2g\u00e9e de 47 ans. \u00abJ\u2019avais 35 ans quand je l\u2019ai rencontr\u00e9. Ce n\u2019\u00e9tait pas naturel pour moi. Je n\u2019\u00e9tais pas pr\u00eate ni enthousiaste \u00e0 l\u2019id\u00e9e de me marier ou de fonder une famille sans cela\u00bb, avait-elle confi\u00e9 \u00e0\u00a0<a href=\"https:\/\/www.vogue.com\/article\/amal-clooney-vogue-cover-may-issue-2018\" target=\"_blank\" rel=\"nofollow noopener\" data-gtm-custom-categorie=\"navigation\" data-gtm-custom-action=\"crossclick\" data-gtm-custom-label=\"Contextuel\" data-gtm-event=\"customEventSPE\">Vogue<\/a> \u00a0en 2018. Jusqu\u2019\u00e0 sa rencontre avec George Clooney. Amal, what did you expect..?<\/p>\n","protected":false},"excerpt":{"rendered":"Par S\u00e9gol\u00e8ne Forgar Publi\u00e9 le 22 avril 2025 \u00e0 12h09 Amal et George Clooney sur le tapis rouge&hellip;\n","protected":false},"author":2,"featured_media":43905,"comment_status":"","ping_status":"","sticky":false,"template":"","format":"standard","meta":{"footnotes":""},"categories":[1359],"tags":[976,13147,972,1193,58,59,638,1011,27,6054,977,973,975,974],"class_list":{"0":"post-43904","1":"post","2":"type-post","3":"status-publish","4":"format-standard","5":"has-post-thumbnail","7":"category-people","8":"tag-actu-people","9":"tag-amal-alamuddin-clooney","10":"tag-celebrite","11":"tag-couple","12":"tag-divertissement","13":"tag-entertainment","14":"tag-figaro","15":"tag-fr","16":"tag-france","17":"tag-george-clooney","18":"tag-madame","19":"tag-people","20":"tag-potain-de-stars","21":"tag-star"},"share_on_mastodon":{"url":"https:\/\/pubeurope.com\/@fr\/114381544670367341","error":""},"_links":{"self":[{"href":"https:\/\/www.europesays.com\/fr\/wp-json\/wp\/v2\/posts\/43904","targetHints":{"allow":["GET"]}}],"collection":[{"href":"https:\/\/www.europesays.com\/fr\/wp-json\/wp\/v2\/posts"}],"about":[{"href":"https:\/\/www.europesays.com\/fr\/wp-json\/wp\/v2\/types\/post"}],"author":[{"embeddable":true,"href":"https:\/\/www.europesays.com\/fr\/wp-json\/wp\/v2\/users\/2"}],"replies":[{"embeddable":true,"href":"https:\/\/www.europesays.com\/fr\/wp-json\/wp\/v2\/comments?post=43904"}],"version-history":[{"count":0,"href":"https:\/\/www.europesays.com\/fr\/wp-json\/wp\/v2\/posts\/43904\/revisions"}],"wp:featuredmedia":[{"embeddable":true,"href":"https:\/\/www.europesays.com\/fr\/wp-json\/wp\/v2\/media\/43905"}],"wp:attachment":[{"href":"https:\/\/www.europesays.com\/fr\/wp-json\/wp\/v2\/media?parent=43904"}],"wp:term":[{"taxonomy":"category","embeddable":true,"href":"https:\/\/www.europesays.com\/fr\/wp-json\/wp\/v2\/categories?post=43904"},{"taxonomy":"post_tag","embeddable":true,"href":"https:\/\/www.europesays.com\/fr\/wp-json\/wp\/v2\/tags?post=43904"}],"curies":[{"name":"wp","href":"https:\/\/api.w.org\/{rel}","templated":true}]}}