{"id":439040,"date":"2025-10-04T17:07:25","date_gmt":"2025-10-04T17:07:25","guid":{"rendered":"https:\/\/www.europesays.com\/fr\/439040\/"},"modified":"2025-10-04T17:07:25","modified_gmt":"2025-10-04T17:07:25","slug":"bistronomia-une-plongee-au-coeur-de-la-folle-revolution-du-fooding-a-paris-au-debut-des-annees-2000","status":"publish","type":"post","link":"https:\/\/www.europesays.com\/fr\/439040\/","title":{"rendered":"\u00ab\u00a0Bistronomia\u00a0\u00bb: une plong\u00e9e au coeur de la folle r\u00e9volution du \u00ab\u00a0Fooding\u00a0\u00bb \u00e0 Paris au d\u00e9but des ann\u00e9es 2000"},"content":{"rendered":"<p class=\"ap-StoryElement ap-StoryElement--mb ap-StoryText\">Tous les trois r\u00eavent en secret de lendemains qui chantent, tout en mordant sur leur chique. Pourtant, Amandine en est s\u00fbre : Johanna pourrait \u00eatre une formidable cheffe car les restaurants abordables servant une cuisine de qualit\u00e9 font cruellement d\u00e9faut dans la Ville-Lumi\u00e8re. Son r\u00eave : rompre avec la violence de ce milieu machiste, o\u00f9 elle officie comme serveuse, pour ouvrir son propre restaurant. Quant \u00e0 Vivian et Johanna, ils r\u00eavent de torpiller l&rsquo;acad\u00e9misme du milieu et de dissiper les mirages fumeux de la course aux \u00e9toiles. Tous les trois ne vont pas tarder \u00e0 apprendre qu&rsquo;il ne suffit pas d&rsquo;avoir de bonnes id\u00e9es, encore faut-il trouver les moyens de les mettre \u00e0 ex\u00e9cution.<\/p>\n<p><img loading=\"lazy\" decoding=\"async\" class=\"w-full lazyload lazyload--opacity object-contain\" style=\"aspect-ratio:178 \/ 100;opacity:1\" alt=\"&quot;Bistronomia&quot;: une plong\u00e9e au coeur de la folle r\u00e9volution du &quot;Fooding&quot; \u00e0 Paris au d\u00e9but des ann\u00e9es 2000\" width=\"768\" height=\"432\" fetchpriority=\"auto\" src=\"https:\/\/www.europesays.com\/fr\/wp-content\/uploads\/2025\/04\/1743819792_235_S5VKD3X55FFF3BW6V4SEHXNP7I.png\"  data- data-optimumx=\"1\"\/>Jeunes, libres mais fauch\u00e9s<\/p>\n<p class=\"text-left ap-StoryElement ap-StoryElement--mb ap-StoryText\">Bouillonnante, vive et tranchante : la s\u00e9rie Bistronomia ressemble furieusement \u00e0 son sujet : le milieu culinaire parisien. Un petit monde ultra-concurrentiel o\u00f9 de nombreux jeunes doivent en baver avant de pouvoir esp\u00e9rer une quelconque reconnaissance.<\/p>\n<p><a href=\"https:\/\/www.dhnet.be\/lifestyle\/2025\/08\/02\/le-grand-entretien-avec-eric-fernez-chef-wallon-doublement-etoile-un-resto-gastro-ce-nest-pas-rentable-LF745EFQYJC2XKKDZFRDME6FD4\/\" target=\"_blank\" rel=\"noopener noreferrer\" class=\"ap-StoryInterstitialLink ap-StoryElement ap-StoryElement--mb\">Le Grand Entretien avec Eric Fernez, chef wallon doublement \u00e9toil\u00e9 : \u00ab\u00a0Un resto gastro, ce n&rsquo;est pas rentable\u00a0\u00bb<\/a><\/p>\n<p class=\"text-left ap-StoryElement ap-StoryElement--mb ap-StoryText\">Construite sur fond de nuits d&rsquo;\u00e9meutes \u00e0 Clichy-sous-Bois, en octobre 2005, la s\u00e9rie imagin\u00e9e par Marine Bidaud et Alexandre Cammas retrace les d\u00e9buts de l&rsquo;essor du \u00ab\u00a0<a href=\"https:\/\/lefooding.com\/\" target=\"_blank\" rel=\"noopener\">Fooding\u00a0\u00bb<\/a>, ce mouvement pop et punk qui voulait rompre avec les codes de la gastronomie ampoul\u00e9e et inabordable, en proposant une cuisine roborative et accessible.<\/p>\n<p class=\"text-left ap-StoryElement ap-StoryElement--mb ap-StoryText\">En d\u00e9couvrant ce trio secou\u00e9 et mis sous pression, on songe bien s\u00fbr \u00e0 la s\u00e9rie Chefs qui avait tellement s\u00e9duit sur France 2 et \u00e0 The Bear qui a longtemps rafl\u00e9 les principales r\u00e9compenses de la t\u00e9l\u00e9vision am\u00e9ricaine.<\/p>\n<p class=\"text-left ap-StoryElement ap-StoryElement--mb ap-StoryText\">La r\u00e9alisation sign\u00e9e Truman &amp; Cooper, alias Anthony Jorge et Jonathan Cohen-Berry, affiche son parti pris sans fioritures et au plus pr\u00e8s du r\u00e9el. Avec une cam\u00e9ra qui colle litt\u00e9ralement \u00e0 ses trois formidables com\u00e9diens : Yowa-Ang\u00e9lys Tshikaya (d\u00e9couverte dans la s\u00e9rie Ourika), Louise Lab\u00e8que (Toni, en famille, Zombi child) et Edouard Sulpice (A l&rsquo;abordage, Un Monde merveilleux).<\/p>\n<p><a href=\"https:\/\/www.dhnet.be\/dernieres-depeches\/2025\/09\/22\/le-fooding-sort-son-3e-guide-pour-la-belgique-ZP63Z3SLKJD4JOXXNHW6ZQHZPM\/\" target=\"_blank\" rel=\"noopener noreferrer\" class=\"ap-StoryInterstitialLink ap-StoryElement ap-StoryElement--mb\">Le Fooding sort son 3e guide pour la Belgique<\/a><\/p>\n<p class=\"ap-StoryElement ap-StoryElement--mb ap-StoryText\">Ces trois jeunes visages ne sont pas seulement craquants, ils cr\u00e8vent litt\u00e9ralement l&rsquo;\u00e9cran gr\u00e2ce \u00e0 leur sensibilit\u00e9 et leur naturel mettant en lumi\u00e8re tous les \u00e9cueils d&rsquo;un milieu sans piti\u00e9. Le r\u00e9sultat ressemble aux ingr\u00e9dients d&rsquo;une bonne soir\u00e9e entre amis : du rire, des confidences et parfois, quelques larmes. Une aventure tendue, relat\u00e9e au fil de neuf \u00e9pisodes (en 26 minutes) entre d\u00e9boires, atermoiements et revanches \u00e0 prendre.<\/p>\n<p><a href=\"https:\/\/www.dhnet.be\/actu\/belgique\/2025\/07\/05\/le-grand-entretien-avec-le-chef-doublement-etoile-sang-hoon-degeimbre-jai-cuisine-pour-la-premiere-fois-le-jour-de-louverture-de-lair-du-temps-SDVOWFYPQ5CLDI4FCDUFFA6BRU\/\" target=\"_blank\" rel=\"noopener noreferrer\" class=\"ap-StoryInterstitialLink ap-StoryElement ap-StoryElement--mb\">Le Grand Entretien avec le chef doublement \u00e9toil\u00e9 Sang-Hoon Degeimbre : \u00ab\u00a0J&rsquo;ai cuisin\u00e9 pour la premi\u00e8re fois le jour de l&rsquo;ouverture de L&rsquo;Air du temps\u00a0\u00bb<\/a><\/p>\n<p class=\"text-left ap-StoryElement ap-StoryElement--mb ap-StoryText\">Le travail des quatre sc\u00e9naristes \u2013 Marie-Sophie Chambon, Judith Havas, Anais Carpita et Camille Pierrard \u2013 a \u00e9t\u00e9 salu\u00e9 par le jury du 27e Festival de la Fiction de La Rochelle. Gratifi\u00e9e du prix S\u00e9phane Strano du meilleur sc\u00e9nario, la s\u00e9rie sera propos\u00e9e d\u00e8s le 25 septembre sur France.tv et ensuite sur France 2. En Belgique, elle est d\u00e9j\u00e0 disponible <a href=\"https:\/\/auvio.rtbf.be\/emission\/bistronomia-30237\" target=\"_blank\" rel=\"noopener\">sur Auvio<\/a>.<\/p>\n<p class=\"text-left ap-StoryElement ap-StoryElement--mb ap-StoryText\"><b>Bistronomia<\/b>\u2007R\u00e9volution en cuisine\u2007<b>Cr\u00e9ation<\/b>\u2007Marie-Sophie Chambon, Judith Havas, Ana\u00efs Carpita et Camille Pierrard\u2007<b>R\u00e9alisation<\/b>\u2007Truman &amp; Cooper\u2007<b>Avec<\/b>\u2007Yowa-Ang\u00e9lys Tshikaya, Louise Lab\u00e8que, Edouard Sulpice,&#8230; <b>Sur Auvio et France.tv<\/b>\u20079 x 26&prime;<\/p>\n","protected":false},"excerpt":{"rendered":"Tous les trois r\u00eavent en secret de lendemains qui chantent, tout en mordant sur leur chique. Pourtant, Amandine&hellip;\n","protected":false},"author":2,"featured_media":439041,"comment_status":"","ping_status":"","sticky":false,"template":"","format":"standard","meta":{"footnotes":""},"categories":[1356],"tags":[58,59,1011,27,521,252,1364],"class_list":{"0":"post-439040","1":"post","2":"type-post","3":"status-publish","4":"format-standard","5":"has-post-thumbnail","7":"category-television","8":"tag-divertissement","9":"tag-entertainment","10":"tag-fr","11":"tag-france","12":"tag-serie","13":"tag-television","14":"tag-tv"},"share_on_mastodon":{"url":"https:\/\/pubeurope.com\/@fr\/115316998260424396","error":""},"_links":{"self":[{"href":"https:\/\/www.europesays.com\/fr\/wp-json\/wp\/v2\/posts\/439040","targetHints":{"allow":["GET"]}}],"collection":[{"href":"https:\/\/www.europesays.com\/fr\/wp-json\/wp\/v2\/posts"}],"about":[{"href":"https:\/\/www.europesays.com\/fr\/wp-json\/wp\/v2\/types\/post"}],"author":[{"embeddable":true,"href":"https:\/\/www.europesays.com\/fr\/wp-json\/wp\/v2\/users\/2"}],"replies":[{"embeddable":true,"href":"https:\/\/www.europesays.com\/fr\/wp-json\/wp\/v2\/comments?post=439040"}],"version-history":[{"count":0,"href":"https:\/\/www.europesays.com\/fr\/wp-json\/wp\/v2\/posts\/439040\/revisions"}],"wp:featuredmedia":[{"embeddable":true,"href":"https:\/\/www.europesays.com\/fr\/wp-json\/wp\/v2\/media\/439041"}],"wp:attachment":[{"href":"https:\/\/www.europesays.com\/fr\/wp-json\/wp\/v2\/media?parent=439040"}],"wp:term":[{"taxonomy":"category","embeddable":true,"href":"https:\/\/www.europesays.com\/fr\/wp-json\/wp\/v2\/categories?post=439040"},{"taxonomy":"post_tag","embeddable":true,"href":"https:\/\/www.europesays.com\/fr\/wp-json\/wp\/v2\/tags?post=439040"}],"curies":[{"name":"wp","href":"https:\/\/api.w.org\/{rel}","templated":true}]}}