{"id":439044,"date":"2025-10-04T17:10:11","date_gmt":"2025-10-04T17:10:11","guid":{"rendered":"https:\/\/www.europesays.com\/fr\/439044\/"},"modified":"2025-10-04T17:10:11","modified_gmt":"2025-10-04T17:10:11","slug":"voici-lheure-precise-a-laquelle-manger-pour-bruler-plus-de-calories-sans-effort","status":"publish","type":"post","link":"https:\/\/www.europesays.com\/fr\/439044\/","title":{"rendered":"Voici l\u2019heure pr\u00e9cise \u00e0 laquelle manger pour br\u00fbler plus de calories sans effort"},"content":{"rendered":"<p>                    Quand la m\u00e9latonine s\u2019invite \u00e0 table <\/p>\n<p>Des chercheurs, dont l\u2019\u00e9tude a \u00e9t\u00e9 relay\u00e9e dans The American Journal of Nutrition et reprise par Top Sant\u00e9 et le Daily Mail, se sont pench\u00e9s sur le comportement alimentaire de 110 participants. Leur objectif ? Observer les variations de graisse corporelle et d\u2019IMC en fonction du <strong>rythme circadien<\/strong> et des taux de m\u00e9latonine, cette hormone s\u00e9cr\u00e9t\u00e9e le soir pour nous pr\u00e9parer au <a href=\"https:\/\/www.modesettravaux.fr\/viepratique\/comment-bien-choisir-sa-literie-pour-ameliorer-la-qualite-de-son-sommeil-150675.html\" target=\"_blank\" rel=\"noopener\">sommeil<\/a>.<\/p>\n<p>Leur constat est aussi limpide qu\u2019inattendu : <strong>les personnes qui mangent quand la m\u00e9latonine est d\u00e9j\u00e0 \u00e9lev\u00e9e dans le corps (autrement dit, \u00e0 l\u2019approche du coucher)<\/strong> pr\u00e9sentent un pourcentage de graisse corporelle plus \u00e9lev\u00e9, <strong>m\u00eame si leur alimentation est \u00e9quilibr\u00e9e<\/strong>. En d\u2019autres termes, manger une salade \u00e0 22h aurait plus d\u2019impact n\u00e9gatif qu\u2019un burger \u00e0 19h. Pas forc\u00e9ment logique, mais scientifiquement prouv\u00e9.<\/p>\n<p> Ce n\u2019est pas la quantit\u00e9\u2026 c\u2019est le timing <\/p>\n<p>Autre surprise de taille : ce ph\u00e9nom\u00e8ne <strong>ne d\u00e9pend pas de la quantit\u00e9 ni du type d\u2019<a href=\"https:\/\/www.modesettravaux.fr\/actualites\/alerte-salmonelle-un-aliment-vendu-en-supermarche-retire-en-urgence-148224.html\" target=\"_blank\" rel=\"noopener\">aliment<\/a><\/strong>. Les chercheurs insistent : \u00ab Les personnes qui pr\u00e9sentent un IMC plus \u00e9lev\u00e9 consomment la majorit\u00e9 de leurs calories apr\u00e8s le d\u00e9but de la s\u00e9cr\u00e9tion de m\u00e9latonine \u00bb. \u00c0 l\u2019inverse, celles qui mangent <strong>plusieurs heures avant de se coucher<\/strong> affichent des niveaux de graisse plus faibles, m\u00eame \u00e0 apport calorique \u00e9quivalent.<\/p>\n<p>Ce d\u00e9salignement entre l\u2019<strong>heure biologique du corps<\/strong> et le moment o\u00f9 l\u2019on mange perturberait donc le m\u00e9tabolisme, ralentirait la combustion des calories, et favoriserait le stockage des graisses.<\/p>\n<p> Des horaires adapt\u00e9s \u00e0 votre rythme de sommeil <\/p>\n<p>Faut-il d\u00eener avec les poules pour maigrir ? Pas n\u00e9cessairement. L\u2019id\u00e9e n\u2019est pas de fixer une heure unique pour tout le monde, mais d\u2019<strong>adapter vos repas \u00e0 votre propre rythme veille-sommeil<\/strong>. En clair : laissez quelques heures entre le dernier repas et l\u2019extinction des feux.<\/p>\n<p>Voici quelques exemples propos\u00e9s par les chercheurs pour mieux synchroniser vos repas avec votre horloge interne :<\/p>\n<p>\ud83d\udd56 <strong>R\u00e9veil \u00e0 7h \/ Coucher \u00e0 23h<\/strong><\/p>\n<ul>\n<li>Petit-d\u00e9jeuner : 8h00<\/li>\n<li>D\u00e9jeuner : 12h00<\/li>\n<li>Go\u00fbter : entre 15h et 16h<\/li>\n<li>D\u00eener : <strong>au plus tard 20h00<\/strong><\/li>\n<\/ul>\n<p>\ud83d\udd59 <strong>R\u00e9veil \u00e0 10h \/ Coucher \u00e0 2h<\/strong><\/p>\n<ul>\n<li>Petit-d\u00e9jeuner : 11h00<\/li>\n<li>D\u00e9jeuner : 15h00<\/li>\n<li>Go\u00fbter : 18h00-19h00<\/li>\n<li>D\u00eener : <strong>au plus tard 22h00<\/strong><\/li>\n<\/ul>\n<p>\ud83d\udd5b <strong>R\u00e9veil \u00e0 midi \/ Coucher \u00e0 4h<\/strong><\/p>\n<ul>\n<li>Petit-d\u00e9jeuner : 13h00<\/li>\n<li>D\u00e9jeuner : 17h00<br \/>Go\u00fbter : 20h00<\/li>\n<li>D\u00eener : <strong>au plus tard 1h du matin<\/strong><\/li>\n<\/ul>\n<p>L\u2019essentiel est de <strong>respecter un d\u00e9lai de 3 \u00e0 4 heures entre le d\u00eener et le coucher<\/strong>, quel que soit votre fuseau horaire personnel.<\/p>\n<p> Le mot de la fin : pas d\u2019injonction, juste de l\u2019info <\/p>\n<p>Bien s\u00fbr, tout cela ne remplace pas une alimentation vari\u00e9e, ni ne fait de miracle en cas de grignotages compulsifs ou de d\u00e9s\u00e9quilibres plus profonds. Il ne s\u2019agit pas de s\u2019imposer des r\u00e8gles rigides, mais de <strong>r\u00e9introduire du bon sens chronobiologique<\/strong> dans nos assiettes.<\/p>\n","protected":false},"excerpt":{"rendered":"Quand la m\u00e9latonine s\u2019invite \u00e0 table Des chercheurs, dont l\u2019\u00e9tude a \u00e9t\u00e9 relay\u00e9e dans The American Journal of&hellip;\n","protected":false},"author":2,"featured_media":439045,"comment_status":"","ping_status":"","sticky":false,"template":"","format":"standard","meta":{"footnotes":""},"categories":[10],"tags":[39668,1011,27,72,71],"class_list":{"0":"post-439044","1":"post","2":"type-post","3":"status-publish","4":"format-standard","5":"has-post-thumbnail","7":"category-sante","8":"tag-discop","9":"tag-fr","10":"tag-france","11":"tag-health","12":"tag-sante"},"share_on_mastodon":{"url":"https:\/\/pubeurope.com\/@fr\/115317009555108611","error":""},"_links":{"self":[{"href":"https:\/\/www.europesays.com\/fr\/wp-json\/wp\/v2\/posts\/439044","targetHints":{"allow":["GET"]}}],"collection":[{"href":"https:\/\/www.europesays.com\/fr\/wp-json\/wp\/v2\/posts"}],"about":[{"href":"https:\/\/www.europesays.com\/fr\/wp-json\/wp\/v2\/types\/post"}],"author":[{"embeddable":true,"href":"https:\/\/www.europesays.com\/fr\/wp-json\/wp\/v2\/users\/2"}],"replies":[{"embeddable":true,"href":"https:\/\/www.europesays.com\/fr\/wp-json\/wp\/v2\/comments?post=439044"}],"version-history":[{"count":0,"href":"https:\/\/www.europesays.com\/fr\/wp-json\/wp\/v2\/posts\/439044\/revisions"}],"wp:featuredmedia":[{"embeddable":true,"href":"https:\/\/www.europesays.com\/fr\/wp-json\/wp\/v2\/media\/439045"}],"wp:attachment":[{"href":"https:\/\/www.europesays.com\/fr\/wp-json\/wp\/v2\/media?parent=439044"}],"wp:term":[{"taxonomy":"category","embeddable":true,"href":"https:\/\/www.europesays.com\/fr\/wp-json\/wp\/v2\/categories?post=439044"},{"taxonomy":"post_tag","embeddable":true,"href":"https:\/\/www.europesays.com\/fr\/wp-json\/wp\/v2\/tags?post=439044"}],"curies":[{"name":"wp","href":"https:\/\/api.w.org\/{rel}","templated":true}]}}