{"id":439053,"date":"2025-10-04T17:15:12","date_gmt":"2025-10-04T17:15:12","guid":{"rendered":"https:\/\/www.europesays.com\/fr\/439053\/"},"modified":"2025-10-04T17:15:12","modified_gmt":"2025-10-04T17:15:12","slug":"des-milliers-de-personnes-bravent-linterdiction-dune-marche-des-fiertes-a-pecs","status":"publish","type":"post","link":"https:\/\/www.europesays.com\/fr\/439053\/","title":{"rendered":"Des milliers de personnes bravent l\u2019interdiction d\u2019une marche des fiert\u00e9s \u00e0 P\u00e9cs"},"content":{"rendered":"<p>Plusieurs milliers de personnes ont d\u00e9fil\u00e9 ce samedi \u00e0 P\u00e9cs, une grande ville universitaire du sud de la <a href=\"https:\/\/www.20minutes.fr\/dossier\/hongrie\" target=\"_blank\" class=\"c-link c-link--is-underlined\" rel=\"noopener\">Hongrie<\/a>, bravant l\u2019interdiction des autorit\u00e9s d\u2019une <a href=\"https:\/\/www.20minutes.fr\/dossier\/gay_pride\" target=\"_blank\" class=\"c-link c-link--is-underlined\" rel=\"noopener\">marche des fiert\u00e9s<\/a>. Le cort\u00e8ge de 7.000 \u00e0 8.000 personnes est parti vers 14 heures du centre-ville, sous un ciel bleu et au son d\u2019une musique entra\u00eenante.<\/p>\n<\/p>\n<p>\u00ab\u00a0Je suis ici aujourd\u2019hui, parce que, malheureusement, cette manifestation ne concerne plus seulement la communaut\u00e9 <a href=\"https:\/\/www.20minutes.fr\/dossier\/lgbt\" target=\"_blank\" class=\"c-link c-link--is-underlined\" rel=\"noopener\">LGBTQ<\/a>, mais la restriction de nos droits humains fondamentaux\u00a0\u00bb, d\u00e9clare Bence Toth, un \u00e9tudiant de 18 ans originaire de P\u00e9cs, estimant que l\u2019interdiction du d\u00e9fil\u00e9 a contribu\u00e9 \u00e0 gonfler ses rangs. \u00ab\u00a0Nous venons pour d\u00e9fendre nos libert\u00e9s fondamentales\u00a0\u00bb, rench\u00e9rit Edit Sinko, une enseignante et psychologue de 58 ans. \u00ab\u00a0Je ne fais pas directement partie des organisations ou de la communaut\u00e9 LGBTQ mais beaucoup de mes \u00e9l\u00e8ves et de mes amis en font partie. Et je ne comprends pas pourquoi on devrait les interdire\u00a0\u00bb, ajoute-t-elle.<\/p>\n<p>Interdiction contourn\u00e9e<\/p>\n<p>La foule de jeunes et de moins jeunes brandissait des drapeaux color\u00e9s, dont de nombreux drapeaux arc-en-ciel, ainsi que des panneaux comportant des slogans antigouvernementaux, comme \u00ab\u00a0La Hongrie est une <a href=\"https:\/\/www.20minutes.fr\/monde\/dictature\/\" target=\"_blank\" class=\"c-link c-link--is-underlined\" rel=\"noopener\">dictature<\/a>\u00a0\u00bb ou \u00ab\u00a0Le gouvernement punit la Pride mais d\u00e9core ou pardonne aux p\u00e9dophiles\u00a0\u00bb.<\/p>\n<p>Les organisateurs ont contourn\u00e9 l\u2019interdiction de manifester au nom de la cause LGBT+\u00a0en d\u00e9clarant le d\u00e9fil\u00e9 comme \u00ab\u00a0un rassemblement contre la surpopulation des animaux sauvages, responsables et victimes de nombreux accidents de la route\u00a0\u00bb, a expliqu\u00e9 Peter Heindl, un avocat et militant des <a href=\"https:\/\/www.20minutes.fr\/monde\/droits_de_l_homme-1\/\" target=\"_blank\" class=\"c-link c-link--is-underlined\" rel=\"noopener\">droits humains<\/a>. Le parcours est cependant identique \u00e0 celui pr\u00e9vu pour la marche des fiert\u00e9s, a-t-il ajout\u00e9.<\/p>\n<p>Les marches des fiert\u00e9s interdites<\/p>\n<p>La P\u00e9cs Pride avait \u00e9t\u00e9 interdite par la police le 6\u00a0septembre, puis par la Cour supr\u00eame le 15\u00a0septembre. La mairie de P\u00e9cs a annonc\u00e9 que ses participants s\u2019exposaient \u00e0 des amendes. Lanc\u00e9e en\u00a02021, cette marche est la seule organis\u00e9e en Hongrie en dehors de celle de <a href=\"https:\/\/www.20minutes.fr\/dossier\/budapest\" target=\"_blank\" class=\"c-link c-link--is-underlined\" rel=\"noopener\">Budapest<\/a>, la capitale.<\/p>\n<p>Fin juin, plus de 200.000 personnes avaient pris part \u00e0 cette derni\u00e8re, d\u00e9fiant l\u00e0 aussi l\u2019interdiction de la police. Le maire de la capitale, Gergely Karacsony, qui l\u2019avait l\u2019autoris\u00e9e, avait \u00e9t\u00e9 convoqu\u00e9 en ao\u00fbt par la police.<\/p>\n<p>Le gouvernement de l\u2019ultraconservateur <a href=\"https:\/\/www.20minutes.fr\/dossier\/viktor_orban\" target=\"_blank\" class=\"c-link c-link--is-underlined\" rel=\"noopener\">Viktor Orb\u00e1n<\/a> a adopt\u00e9 mi-mars une loi visant \u00e0 interdire de tels rassemblements, une nouvelle \u00e9tape dans sa politique de r\u00e9duction des droits fondamentaux des minorit\u00e9s sexuelles et de genre, au nom de la \u00ab\u00a0protection de l\u2019enfance\u00a0\u00bb.<\/p>\n","protected":false},"excerpt":{"rendered":"Plusieurs milliers de personnes ont d\u00e9fil\u00e9 ce samedi \u00e0 P\u00e9cs, une grande ville universitaire du sud de la&hellip;\n","protected":false},"author":2,"featured_media":439054,"comment_status":"","ping_status":"","sticky":false,"template":"","format":"standard","meta":{"footnotes":""},"categories":[5],"tags":[47,11,4625,1011,27,804,14,9087,24310,74,12,7247,28],"class_list":{"0":"post-439053","1":"post","2":"type-post","3":"status-publish","4":"format-standard","5":"has-post-thumbnail","7":"category-international","8":"tag-actualite","9":"tag-actualites","10":"tag-droits-humains","11":"tag-fr","12":"tag-france","13":"tag-hongrie","14":"tag-international","15":"tag-lgbt","16":"tag-marche-des-fiertes","17":"tag-monde","18":"tag-news","19":"tag-viktor-orban","20":"tag-world"},"share_on_mastodon":{"url":"https:\/\/pubeurope.com\/@fr\/115317029272237695","error":""},"_links":{"self":[{"href":"https:\/\/www.europesays.com\/fr\/wp-json\/wp\/v2\/posts\/439053","targetHints":{"allow":["GET"]}}],"collection":[{"href":"https:\/\/www.europesays.com\/fr\/wp-json\/wp\/v2\/posts"}],"about":[{"href":"https:\/\/www.europesays.com\/fr\/wp-json\/wp\/v2\/types\/post"}],"author":[{"embeddable":true,"href":"https:\/\/www.europesays.com\/fr\/wp-json\/wp\/v2\/users\/2"}],"replies":[{"embeddable":true,"href":"https:\/\/www.europesays.com\/fr\/wp-json\/wp\/v2\/comments?post=439053"}],"version-history":[{"count":0,"href":"https:\/\/www.europesays.com\/fr\/wp-json\/wp\/v2\/posts\/439053\/revisions"}],"wp:featuredmedia":[{"embeddable":true,"href":"https:\/\/www.europesays.com\/fr\/wp-json\/wp\/v2\/media\/439054"}],"wp:attachment":[{"href":"https:\/\/www.europesays.com\/fr\/wp-json\/wp\/v2\/media?parent=439053"}],"wp:term":[{"taxonomy":"category","embeddable":true,"href":"https:\/\/www.europesays.com\/fr\/wp-json\/wp\/v2\/categories?post=439053"},{"taxonomy":"post_tag","embeddable":true,"href":"https:\/\/www.europesays.com\/fr\/wp-json\/wp\/v2\/tags?post=439053"}],"curies":[{"name":"wp","href":"https:\/\/api.w.org\/{rel}","templated":true}]}}