{"id":439055,"date":"2025-10-04T17:16:13","date_gmt":"2025-10-04T17:16:13","guid":{"rendered":"https:\/\/www.europesays.com\/fr\/439055\/"},"modified":"2025-10-04T17:16:13","modified_gmt":"2025-10-04T17:16:13","slug":"loire-le-trentenaire-porte-disparu-a-villemontais-a-ete-retrouve-mort","status":"publish","type":"post","link":"https:\/\/www.europesays.com\/fr\/439055\/","title":{"rendered":"Loire. Le trentenaire port\u00e9 disparu \u00e0 Villemontais a \u00e9t\u00e9 retrouv\u00e9 mort"},"content":{"rendered":"<p data-start=\"177\" data-end=\"362\">Depuis mardi 30 septembre, un homme d\u2019une trentaine d\u2019ann\u00e9es \u00e9tait recherch\u00e9. Ce matin-l\u00e0, il avait quitt\u00e9 son domicile \u00e0 Roanne pour se rendre \u00e0 son travail, mais n\u2019y est jamais arriv\u00e9.<\/p>\n<p>Les causes de la mort ne sont pas encore connues<\/p>\n<p data-start=\"177\" data-end=\"362\">Recherch\u00e9 par des personnes b\u00e9n\u00e9voles ce samedi 4 octobre, il a \u00e9t\u00e9 retrouv\u00e9 d\u00e9c\u00e9d\u00e9, non loin de son v\u00e9hicule. C&rsquo;est un promeneur qui a fait la d\u00e9couverte peu avant 16 heures, dans une zone bois\u00e9e, non loin de la voiture du trentenaire disparu.<\/p>\n<p data-start=\"177\" data-end=\"362\">La zone de la d\u00e9couverte du corps a \u00e9t\u00e9 quadrill\u00e9e par les policiers, qui ont commenc\u00e9 \u00e0 enqu\u00eater pour d\u00e9terminer les causes de la mort de ce Roannais. Selon nos informations, l&rsquo;hypoth\u00e8se d&rsquo;un suicide reste, pour le moment, la plus plausible.<\/p>\n<p>70 personnes le recherchaient activement samedi<\/p>\n<p data-start=\"364\" data-end=\"512\">Mercredi 1er octobre au soir, son v\u00e9hicule, un break BMW mentionn\u00e9 dans l\u2019avis de recherche diffus\u00e9 par la police, avait \u00e9t\u00e9 retrouv\u00e9 dans la commune de Villemontais.<\/p>\n<p data-start=\"514\" data-end=\"782\">Un appel \u00e0 b\u00e9n\u00e9voles avait alors \u00e9t\u00e9 lanc\u00e9 <a href=\"https:\/\/www.leprogres.fr\/faits-divers-justice\/2025\/10\/01\/disparition-inquietante-avez-vous-vu-ce-roannais-ou-sa-voiture\" target=\"_blank\" rel=\"noopener\">pour tenter de le retrouver<\/a>. Ce samedi 4 octobre au matin, pr\u00e8s de 70 personnes s&rsquo;\u00e9taient r\u00e9unies \u00e0 la croix d\u2019\u00c9coche, non loin de Villemontais, pour participer aux recherches. Quatre chiens d\u2019une \u00e9cole de pistage avaient \u00e9galement \u00e9t\u00e9 mobilis\u00e9s.<\/p>\n<p data-start=\"514\" data-end=\"782\">Mardi 30 septembre, une autre disparition avait \u00e9t\u00e9 signal\u00e9e dans le nord du d\u00e9partement. Cette fois, il s&rsquo;agissait d&rsquo;un jeune homme disparu \u00e0 Saint-Hilaire-sous-Charlieu. Il a <a href=\"https:\/\/www.leprogres.fr\/faits-divers-justice\/2025\/10\/04\/le-jeune-homme-disparu-a-saint-hilaire-sous-charlieu-a-ete-retrouve\" target=\"_blank\" rel=\"noopener\">finalement \u00e9t\u00e9 retrouv\u00e9.<\/a><\/p>\n","protected":false},"excerpt":{"rendered":"Depuis mardi 30 septembre, un homme d\u2019une trentaine d\u2019ann\u00e9es \u00e9tait recherch\u00e9. Ce matin-l\u00e0, il avait quitt\u00e9 son domicile&hellip;\n","protected":false},"author":2,"featured_media":439056,"comment_status":"","ping_status":"","sticky":false,"template":"","format":"standard","meta":{"footnotes":""},"categories":[4],"tags":[11,3676,16734,274,107,1011,27,3367,12,25,56608],"class_list":{"0":"post-439055","1":"post","2":"type-post","3":"status-publish","4":"format-standard","5":"has-post-thumbnail","7":"category-france","8":"tag-actualites","9":"tag-disparition-inquietante","10":"tag-edition-loire-nord","11":"tag-faits-divers-justice","12":"tag-fil-info","13":"tag-fr","14":"tag-france","15":"tag-loire","16":"tag-news","17":"tag-republique-francaise","18":"tag-villemontais"},"share_on_mastodon":{"url":"https:\/\/pubeurope.com\/@fr\/115317033129736218","error":""},"_links":{"self":[{"href":"https:\/\/www.europesays.com\/fr\/wp-json\/wp\/v2\/posts\/439055","targetHints":{"allow":["GET"]}}],"collection":[{"href":"https:\/\/www.europesays.com\/fr\/wp-json\/wp\/v2\/posts"}],"about":[{"href":"https:\/\/www.europesays.com\/fr\/wp-json\/wp\/v2\/types\/post"}],"author":[{"embeddable":true,"href":"https:\/\/www.europesays.com\/fr\/wp-json\/wp\/v2\/users\/2"}],"replies":[{"embeddable":true,"href":"https:\/\/www.europesays.com\/fr\/wp-json\/wp\/v2\/comments?post=439055"}],"version-history":[{"count":0,"href":"https:\/\/www.europesays.com\/fr\/wp-json\/wp\/v2\/posts\/439055\/revisions"}],"wp:featuredmedia":[{"embeddable":true,"href":"https:\/\/www.europesays.com\/fr\/wp-json\/wp\/v2\/media\/439056"}],"wp:attachment":[{"href":"https:\/\/www.europesays.com\/fr\/wp-json\/wp\/v2\/media?parent=439055"}],"wp:term":[{"taxonomy":"category","embeddable":true,"href":"https:\/\/www.europesays.com\/fr\/wp-json\/wp\/v2\/categories?post=439055"},{"taxonomy":"post_tag","embeddable":true,"href":"https:\/\/www.europesays.com\/fr\/wp-json\/wp\/v2\/tags?post=439055"}],"curies":[{"name":"wp","href":"https:\/\/api.w.org\/{rel}","templated":true}]}}