{"id":439057,"date":"2025-10-04T17:17:15","date_gmt":"2025-10-04T17:17:15","guid":{"rendered":"https:\/\/www.europesays.com\/fr\/439057\/"},"modified":"2025-10-04T17:17:15","modified_gmt":"2025-10-04T17:17:15","slug":"om-0-3-les-olympiens-finissent-en-beaute-avant-la-treve-internationale-et-reprennent-provisoirement-la-tete","status":"publish","type":"post","link":"https:\/\/www.europesays.com\/fr\/439057\/","title":{"rendered":"OM (0-3) : les Olympiens finissent en beaut\u00e9 avant la tr\u00eave internationale et reprennent provisoirement la t\u00eate"},"content":{"rendered":"<p>62&prime; Balerdi et Gouiri font leur entr\u00e9e<\/p>\n<p>Le capitaine fait son retour \u00e0 la place d&rsquo;Angel Gomes. Les Olympiens vont passer \u00e0 trois derri\u00e8re.<\/p>\n<p>Amine Gouiri remplace quant \u00e0 lui le tr\u00e8s actif Robinio Vaz \u00e0 la pointe de l&rsquo;attaque.<\/p>\n<p>L&rsquo;OM passe en 3-4-2-1 avec Pavard, Balerdi et Aguerd derri\u00e8re, Weah et Emerson en pistons, Hojbjerg-O&rsquo;Riley au milieu, et Greenwood et Paixao en soutien de Gouiri.<\/p>\n","protected":false},"excerpt":{"rendered":"62&prime; Balerdi et Gouiri font leur entr\u00e9e Le capitaine fait son retour \u00e0 la place d&rsquo;Angel Gomes. Les&hellip;\n","protected":false},"author":2,"featured_media":439058,"comment_status":"","ping_status":"","sticky":false,"template":"","format":"standard","meta":{"footnotes":""},"categories":[2],"tags":[11,1011,27,66,6212,12,149],"class_list":{"0":"post-439057","1":"post","2":"type-post","3":"status-publish","4":"format-standard","5":"has-post-thumbnail","7":"category-actualites","8":"tag-actualites","9":"tag-fr","10":"tag-france","11":"tag-ligue-1","12":"tag-metz","13":"tag-news","14":"tag-om"},"share_on_mastodon":{"url":"https:\/\/pubeurope.com\/@fr\/115317037061038297","error":""},"_links":{"self":[{"href":"https:\/\/www.europesays.com\/fr\/wp-json\/wp\/v2\/posts\/439057","targetHints":{"allow":["GET"]}}],"collection":[{"href":"https:\/\/www.europesays.com\/fr\/wp-json\/wp\/v2\/posts"}],"about":[{"href":"https:\/\/www.europesays.com\/fr\/wp-json\/wp\/v2\/types\/post"}],"author":[{"embeddable":true,"href":"https:\/\/www.europesays.com\/fr\/wp-json\/wp\/v2\/users\/2"}],"replies":[{"embeddable":true,"href":"https:\/\/www.europesays.com\/fr\/wp-json\/wp\/v2\/comments?post=439057"}],"version-history":[{"count":0,"href":"https:\/\/www.europesays.com\/fr\/wp-json\/wp\/v2\/posts\/439057\/revisions"}],"wp:featuredmedia":[{"embeddable":true,"href":"https:\/\/www.europesays.com\/fr\/wp-json\/wp\/v2\/media\/439058"}],"wp:attachment":[{"href":"https:\/\/www.europesays.com\/fr\/wp-json\/wp\/v2\/media?parent=439057"}],"wp:term":[{"taxonomy":"category","embeddable":true,"href":"https:\/\/www.europesays.com\/fr\/wp-json\/wp\/v2\/categories?post=439057"},{"taxonomy":"post_tag","embeddable":true,"href":"https:\/\/www.europesays.com\/fr\/wp-json\/wp\/v2\/tags?post=439057"}],"curies":[{"name":"wp","href":"https:\/\/api.w.org\/{rel}","templated":true}]}}