{"id":439076,"date":"2025-10-04T17:30:24","date_gmt":"2025-10-04T17:30:24","guid":{"rendered":"https:\/\/www.europesays.com\/fr\/439076\/"},"modified":"2025-10-04T17:30:24","modified_gmt":"2025-10-04T17:30:24","slug":"grenoble-madame-arthur-vient-embraser-la-belle-electrique-le-6-fevrier-2026","status":"publish","type":"post","link":"https:\/\/www.europesays.com\/fr\/439076\/","title":{"rendered":"Grenoble. Madame Arthur vient embraser La Belle \u00c9lectrique le 6\u00a0f\u00e9vrier 2026"},"content":{"rendered":"<p>Le nouveau spectacle musical du cabaret mythique de Pigalle. Quatre artistes drag enflamment la France enti\u00e8re avec un tour de chant original qui revisite les plus grands classiques de la chanson fran\u00e7aise. Toujours au piano-voix, les cr\u00e9atures embrasent la f\u00eate sans retenue et vous emm\u00e8nent en voyage loin des sentiers battus. M\u00ealant amour, humour et extravagance, ce spectacle ne vous laissera pas indiff\u00e9rent.<\/p>\n<p class=\"note\">Le 6\u00a0f\u00e9vrier\u00a02026 \u00e0 20\u00a0h\u00a030 \u00e0 La Belle \u00c9lectrique \u00e0 Grenoble. De 32 \u00e0 37\u00a0\u20ac.<\/p>\n","protected":false},"excerpt":{"rendered":"Le nouveau spectacle musical du cabaret mythique de Pigalle. Quatre artistes drag enflamment la France enti\u00e8re avec un&hellip;\n","protected":false},"author":2,"featured_media":439077,"comment_status":"","ping_status":"","sticky":false,"template":"","format":"standard","meta":{"footnotes":""},"categories":[9566],"tags":[1111,11,2430,1687,112,1777,674,1011,27,2731,2732,108,12,25,3140],"class_list":{"0":"post-439076","1":"post","2":"type-post","3":"status-publish","4":"format-standard","5":"has-post-thumbnail","7":"category-grenoble","8":"tag-actu","9":"tag-actualites","10":"tag-auvergne-rhone-alpes","11":"tag-culture-loisirs","12":"tag-edition-grenoble-agglomeration","13":"tag-eu","14":"tag-europe","15":"tag-fr","16":"tag-france","17":"tag-grenoble","18":"tag-grenoble-bassin","19":"tag-isere","20":"tag-news","21":"tag-republique-francaise","22":"tag-spectacle"},"share_on_mastodon":{"url":"https:\/\/pubeurope.com\/@fr\/115317088137592036","error":""},"_links":{"self":[{"href":"https:\/\/www.europesays.com\/fr\/wp-json\/wp\/v2\/posts\/439076","targetHints":{"allow":["GET"]}}],"collection":[{"href":"https:\/\/www.europesays.com\/fr\/wp-json\/wp\/v2\/posts"}],"about":[{"href":"https:\/\/www.europesays.com\/fr\/wp-json\/wp\/v2\/types\/post"}],"author":[{"embeddable":true,"href":"https:\/\/www.europesays.com\/fr\/wp-json\/wp\/v2\/users\/2"}],"replies":[{"embeddable":true,"href":"https:\/\/www.europesays.com\/fr\/wp-json\/wp\/v2\/comments?post=439076"}],"version-history":[{"count":0,"href":"https:\/\/www.europesays.com\/fr\/wp-json\/wp\/v2\/posts\/439076\/revisions"}],"wp:featuredmedia":[{"embeddable":true,"href":"https:\/\/www.europesays.com\/fr\/wp-json\/wp\/v2\/media\/439077"}],"wp:attachment":[{"href":"https:\/\/www.europesays.com\/fr\/wp-json\/wp\/v2\/media?parent=439076"}],"wp:term":[{"taxonomy":"category","embeddable":true,"href":"https:\/\/www.europesays.com\/fr\/wp-json\/wp\/v2\/categories?post=439076"},{"taxonomy":"post_tag","embeddable":true,"href":"https:\/\/www.europesays.com\/fr\/wp-json\/wp\/v2\/tags?post=439076"}],"curies":[{"name":"wp","href":"https:\/\/api.w.org\/{rel}","templated":true}]}}