{"id":439088,"date":"2025-10-04T17:36:29","date_gmt":"2025-10-04T17:36:29","guid":{"rendered":"https:\/\/www.europesays.com\/fr\/439088\/"},"modified":"2025-10-04T17:36:29","modified_gmt":"2025-10-04T17:36:29","slug":"la-banque-populaire-mediterranee-engage-la-renovation-de-son-siege-de","status":"publish","type":"post","link":"https:\/\/www.europesays.com\/fr\/439088\/","title":{"rendered":"La Banque Populaire M\u00e9diterran\u00e9e engage la r\u00e9novation de son si\u00e8ge de (\u2026)"},"content":{"rendered":"<p>                    <img loading=\"lazy\" decoding=\"async\" src=\"https:\/\/www.europesays.com\/fr\/wp-content\/uploads\/2025\/10\/dc81bfe945ccb7ba1db0f8712f3161.png\" class=\"img-responsive post-image\" width=\"680\" height=\"510\" alt=\"La Banque Populaire (\u2026)\" title=\"La Banque Populaire M\u00e9diterran\u00e9e engage la r\u00e9novation de son si\u00e8ge de l'Ar\u00e9nas \u00e0 Nice\"\/><\/p>\n<p class=\"chapo\">La Banque Populaire M\u00e9diterran\u00e9e (BPMed) annonce dans un communiqu\u00e9 ce 3 octobre le lancement, \u00e0 partir de janvier 2026, d\u2019un vaste chantier de transformation de son si\u00e8ge social, implant\u00e9 \u00e0 l\u2019Ar\u00e9nas, quartier d\u2019affaires de Nice. Construit en 1989, l\u2019immeuble, situ\u00e9 au 457 de la Promenade des Anglais, de plus de 24 000 m\u00b2 sera modernis\u00e9 afin d\u2019accueillir \u00e0 la fois les collaborateurs de l\u2019\u00e9tablissement et de nouvelles entreprises.<\/p>\n<p>L\u2019aile ouest du b\u00e2timent sera d\u00e9di\u00e9e aux 300 salari\u00e9s de la banque, dans des espaces de travail enti\u00e8rement repens\u00e9s, tandis que l\u2019aile est proposera 3 700 m\u00b2 de plateaux disponibles \u00e0 la location \u00e0 partir du deuxi\u00e8me trimestre 2026. L\u2019objectif\u00a0: renforcer l\u2019attractivit\u00e9 \u00e9conomique du site, situ\u00e9 \u00e0 proximit\u00e9 imm\u00e9diate de l\u2019a\u00e9roport, de l\u2019autoroute et de la gare de Nice Saint-Augustin.<\/p>\n<p>Ouvert vers l\u2019ext\u00e9rieur<\/p>\n<p>Le projet vise \u00e9galement \u00e0 obtenir plusieurs certifications environnementales (BREEAM, HQE, WELL) et \u00e0 valoriser le savoir-faire des entreprises locales. \u00ab\u00a0 Ce b\u00e2timent reste fid\u00e8le \u00e0 notre vision du m\u00e9tier de banquier\u00a0: intemporel, au c\u0153ur du territoire, et ouvert vers l\u2019ext\u00e9rieur \u00a0\u00bb, souligne<strong> Sabine Calba, <\/strong> directrice g\u00e9n\u00e9rale de BPMed.<\/p>\n<p><br class=\"autobr\"\/><br \/>\n<strong>Pour la r\u00e9novation, la banque a lanc\u00e9 un concours d\u2019architectes.<\/strong> <a href=\"https:\/\/www.banquepopulaire.fr\/mediterranee\/votre-banque\/renovation-arenas-concours-architecte\/\" class=\"spip_out\" rel=\"external nofollow noopener\" target=\"_blank\">Les cabinets int\u00e9ress\u00e9s peuvent d\u00e9poser leur candidature jusqu\u2019au 17 octobre 2025<\/a>. Le laur\u00e9at sera d\u00e9sign\u00e9 d\u00e9but 2026, en vue d\u2019entamer les \u00e9tudes au premier trimestre.<\/p>\n<p>Avec ce chantier, la Banque Populaire M\u00e9diterran\u00e9e entend conjuguer modernisation de son si\u00e8ge, soutien \u00e0 l\u2019\u00e9cosyst\u00e8me r\u00e9gional et offre de nouveaux espaces tertiaires dans un quartier en pleine mutation.<\/p>\n<p>Relire\u00a0: <a href=\"https:\/\/www.petitesaffiches.fr\/actualites,069\/finance,043\/banque-populaire-mediterranee-des,34953.html\" rel=\"nofollow noopener\" target=\"_blank\">Banque Populaire M\u00e9diterran\u00e9e\u00a0: r\u00e9sultats 2024 solides et nouveau plan strat\u00e9gique<\/a><\/p>\n<p>Visuel de Une \u00a9BPMed sur Facebook<\/p>\n","protected":false},"excerpt":{"rendered":"La Banque Populaire M\u00e9diterran\u00e9e (BPMed) annonce dans un communiqu\u00e9 ce 3 octobre le lancement, \u00e0 partir de janvier&hellip;\n","protected":false},"author":2,"featured_media":439089,"comment_status":"","ping_status":"","sticky":false,"template":"","format":"standard","meta":{"footnotes":""},"categories":[2819],"tags":[1111,11,2408,1777,674,1011,27,12,2401,882,25],"class_list":{"0":"post-439088","1":"post","2":"type-post","3":"status-publish","4":"format-standard","5":"has-post-thumbnail","7":"category-nice","8":"tag-actu","9":"tag-actualites","10":"tag-appels-d","11":"tag-eu","12":"tag-europe","13":"tag-fr","14":"tag-france","15":"tag-news","16":"tag-nice","17":"tag-provence-alpes-cote-dazur","18":"tag-republique-francaise"},"share_on_mastodon":{"url":"https:\/\/pubeurope.com\/@fr\/115317112425663228","error":""},"_links":{"self":[{"href":"https:\/\/www.europesays.com\/fr\/wp-json\/wp\/v2\/posts\/439088","targetHints":{"allow":["GET"]}}],"collection":[{"href":"https:\/\/www.europesays.com\/fr\/wp-json\/wp\/v2\/posts"}],"about":[{"href":"https:\/\/www.europesays.com\/fr\/wp-json\/wp\/v2\/types\/post"}],"author":[{"embeddable":true,"href":"https:\/\/www.europesays.com\/fr\/wp-json\/wp\/v2\/users\/2"}],"replies":[{"embeddable":true,"href":"https:\/\/www.europesays.com\/fr\/wp-json\/wp\/v2\/comments?post=439088"}],"version-history":[{"count":0,"href":"https:\/\/www.europesays.com\/fr\/wp-json\/wp\/v2\/posts\/439088\/revisions"}],"wp:featuredmedia":[{"embeddable":true,"href":"https:\/\/www.europesays.com\/fr\/wp-json\/wp\/v2\/media\/439089"}],"wp:attachment":[{"href":"https:\/\/www.europesays.com\/fr\/wp-json\/wp\/v2\/media?parent=439088"}],"wp:term":[{"taxonomy":"category","embeddable":true,"href":"https:\/\/www.europesays.com\/fr\/wp-json\/wp\/v2\/categories?post=439088"},{"taxonomy":"post_tag","embeddable":true,"href":"https:\/\/www.europesays.com\/fr\/wp-json\/wp\/v2\/tags?post=439088"}],"curies":[{"name":"wp","href":"https:\/\/api.w.org\/{rel}","templated":true}]}}