{"id":439090,"date":"2025-10-04T17:37:10","date_gmt":"2025-10-04T17:37:10","guid":{"rendered":"https:\/\/www.europesays.com\/fr\/439090\/"},"modified":"2025-10-04T17:37:10","modified_gmt":"2025-10-04T17:37:10","slug":"ce-que-lon-sait-apres-la-fusillade-mortelle-dans-le-quartier-des-moulins-liberation","status":"publish","type":"post","link":"https:\/\/www.europesays.com\/fr\/439090\/","title":{"rendered":"ce que l\u2019on sait apr\u00e8s la fusillade mortelle dans le quartier des Moulins \u2013 Lib\u00e9ration"},"content":{"rendered":"<p class=\"sc-cPiKLX AiZTS text-element\">Vendredi 3 octobre vers 21 h 10, <a href=\"https:\/\/www.liberation.fr\/societe\/police-justice\/nice-une-fusillade-fait-deux-morts-et-plusieurs-blesses-dans-le-quartier-des-moulins-20251004_HHBWJS6PPJA5DPBMKWIRCQDQFI\/\" target=\"_blank\" rel=\"noreferrer noopener\" title=\"https:\/\/www.liberation.fr\/societe\/police-justice\/nice-une-fusillade-fait-deux-morts-et-plusieurs-blesses-dans-le-quartier-des-moulins-20251004_HHBWJS6PPJA5DPBMKWIRCQDQFI\/\">une fusillade a eu lieu,<\/a> faisant deux morts et touchant cinq personnes \u00e0 proximit\u00e9 d\u2019un point de deal. Les assaillants, embarqu\u00e9s \u00e0 bord d\u2019un v\u00e9hicule Peugeot 3008, ont tu\u00e9 deux personnes et bless\u00e9 cinq autres. <\/p>\n<p class=\"sc-cPiKLX AiZTS text-element\">Les tirs ont eu lieu dans la zone des Moulins, un quartier prioritaire situ\u00e9 \u00e0 l\u2019ouest de Nice, proche de l\u2019autoroute mais enclav\u00e9 et r\u00e9guli\u00e8rement marqu\u00e9 par des violences pour le contr\u00f4le de points de deal. Selon le procureur de Nice Damien Martinelli, qui s\u2019est exprim\u00e9e samedi matin, la fusillade est \u00abtr\u00e8s certainement\u00bb li\u00e9e au narcotrafic. <\/p>\n<p class=\"sc-cPiKLX AiZTS text-element\">L\u2019une des deux victimes mortelles est un p\u00e8re de famille n\u00e9 en 1966 originaire de Tch\u00e9tch\u00e9nie, et l\u2019autre, \u00e2g\u00e9e d\u2019une vingtaine d\u2019ann\u00e9es, \u00e9tant n\u00e9e \u00e0 Nice, selon une source proche de l\u2019enqu\u00eate. Parmi les bless\u00e9s, figurent deux adolescents et plus aucun pronostic vital n\u2019est engag\u00e9, a indiqu\u00e9 le parquet de Nice.<\/p>\n<p class=\"sc-cPiKLX AiZTS text-element\">\u00abSi ces faits semblent d\u2019\u00e9vidence en lien avec le trafic de stup\u00e9fiants, plusieurs des victimes apparaissent sans lien avec celui-ci, les tirs ayant pu viser indistinctement les personnes pr\u00e9sentes\u00bb, a pr\u00e9cis\u00e9 le procureur. Les deux personnes, d\u00e9c\u00e9d\u00e9es sur place malgr\u00e9 l\u2019intervention des secours, sont n\u00e9es en 1966 et 2005, selon cette source. Parmi les victimes bless\u00e9es, deux adolescents, et les autres sont n\u00e9s entre 1980 et 2002. <\/p>\n<p class=\"sc-cPiKLX AiZTS text-element\">Le parquet a ouvert une enqu\u00eate pour \u00abhomicides volontaires en bande organis\u00e9e et tentatives d\u2019homicide volontaire en bande organis\u00e9e\u00bb. Sur place, les enqu\u00eateurs ont retrouv\u00e9 \u00abvingt-cinq douilles de calibre 7-62 mm correspondant au fusil d\u2019assaut Kalachnikov et cinq douilles de calibre 9 mm\u00bb, sans qu\u2019il puisse \u00eatre pr\u00e9cis\u00e9 si ces derni\u00e8res provenaient d\u2019une arme des suspects ou d\u2019un tir de riposte. Un v\u00e9hicule pouvant correspondre \u00e0 celui utilis\u00e9 par les suspects a \u00e9t\u00e9 d\u00e9couvert calcin\u00e9 sur la commune de Mougins, \u00e0 25 kilom\u00e8tres de Nice, peu avant minuit, a indiqu\u00e9 le parquet ajoutant que la voiture a \u00e9t\u00e9 vol\u00e9e \u00e0 Marseille le 30 septembre et roulait avec une fausse plaque. <\/p>\n<p class=\"sc-cPiKLX AiZTS text-element\">Les principales figures politiques de la ville, le maire <a href=\"https:\/\/www.liberation.fr\/politique\/a-nice-christian-estrosi-inaugure-le-moindre-caillou-20241122_2KMB43H7M5B4LF5JNCTFNKGLAQ\/\" target=\"_blank\" rel=\"noreferrer noopener\" title=\"https:\/\/www.liberation.fr\/politique\/a-nice-christian-estrosi-inaugure-le-moindre-caillou-20241122_2KMB43H7M5B4LF5JNCTFNKGLAQ\/\">Christian Estrosi<\/a> et le d\u00e9put\u00e9 d\u2019extr\u00eame droite Eric Ciotti en t\u00eate, ont critiqu\u00e9 l\u2019action de l\u2019Etat dans la ville. Christian Estrosi a r\u00e9clam\u00e9, apr\u00e8s un \u00e9change avec le minist\u00e8re de l\u2019Int\u00e9rieur d\u00e9missionnaire Bruno Retailleau, \u00abau plus haut niveau de l\u2019Etat des moyens suppl\u00e9mentaires pour la police et la gendarmerie mais aussi pour lutter plus fermement contre l\u2019immigration dont on sait qu\u2019elle nourrit le narcobanditisme\u00bb. <\/p>\n<p class=\"sc-cPiKLX AiZTS text-element\">Dans la matin\u00e9e, son rival pour la mairie de Nice Eric Ciotti, <a href=\"https:\/\/www.liberation.fr\/checknews\/video-dhommes-armes-dans-le-quartier-des-moulins-a-nice-eric-ciotti-brasse-du-vent-mais-reussit-son-buzz-20230405_JHRYH7ET6BA7FF3YHN4F4TLG4I\/\" target=\"_blank\" rel=\"noreferrer noopener\" title=\"https:\/\/www.liberation.fr\/checknews\/video-dhommes-armes-dans-le-quartier-des-moulins-a-nice-eric-ciotti-brasse-du-vent-mais-reussit-son-buzz-20230405_JHRYH7ET6BA7FF3YHN4F4TLG4I\/\">habitu\u00e9 des pol\u00e9miques s\u00e9curitaires sur la baie des Anges,<\/a> avait de son c\u00f4t\u00e9 d\u00e9nonc\u00e9 \u00abun gouvernement d\u00e9faillant\u00bb et \u00abune mairie impuissante\u00bb, lors d\u2019un point de presse devant le commissariat des Moulins. Il a propos\u00e9 de mettre en place \u00abun plan d\u2019actions pour reprendre les Moulins en main\u00bb, avec notamment \u00abdes perquisitions syst\u00e9matiques\u00bb et \u00able passage \u00e0 1 000 euros\u00bb de l\u2019amende forfaitaire pour usage de stup\u00e9fiants. <\/p>\n<p class=\"sc-cPiKLX AiZTS text-element\">Face aux critiques, le pr\u00e9fet Laurent Hottiaux qui s\u2019est rendu sur les lieux de la fusillade, a indiqu\u00e9 que 300 personnes issues des Moulins et de l\u2019autre grand quartier prioritaire de Nice, L\u2019Ariane, avaient \u00e9t\u00e9 incarc\u00e9r\u00e9es en 2025, dans le cadre de la lutte contre le trafic de stup\u00e9fiants.<\/p>\n<p class=\"sc-cPiKLX AiZTS text-element\">Il a aussi assur\u00e9 que deux millions d\u2019euros sont consacr\u00e9s par an aux Moulins au travers de dispositifs d\u2019accompagnement \u00e9ducatif ou d\u2019acc\u00e8s aux droits et services publics, et que 75 millions d\u2019euros ont \u00e9t\u00e9 investis au titre du nouveau programme national de renouvellement urbain. De son c\u00f4t\u00e9, le gouvernement a annonc\u00e9 l\u2019envoi de 60 CRS charg\u00e9s de maintenir l\u2019ordre dans le quartier aussi longtemps que n\u00e9cessaire.<\/p>\n","protected":false},"excerpt":{"rendered":"Vendredi 3 octobre vers 21 h 10, une fusillade a eu lieu, faisant deux morts et touchant cinq&hellip;\n","protected":false},"author":2,"featured_media":439091,"comment_status":"","ping_status":"","sticky":false,"template":"","format":"standard","meta":{"footnotes":""},"categories":[2819],"tags":[1111,11,2397,6537,1777,674,1011,27,8721,12,2401,882,25],"class_list":{"0":"post-439090","1":"post","2":"type-post","3":"status-publish","4":"format-standard","5":"has-post-thumbnail","7":"category-nice","8":"tag-actu","9":"tag-actualites","10":"tag-christian-estrosi","11":"tag-eric-ciotti","12":"tag-eu","13":"tag-europe","14":"tag-fr","15":"tag-france","16":"tag-narcotrafic","17":"tag-news","18":"tag-nice","19":"tag-provence-alpes-cote-dazur","20":"tag-republique-francaise"},"share_on_mastodon":{"url":"https:\/\/pubeurope.com\/@fr\/115317115643276995","error":""},"_links":{"self":[{"href":"https:\/\/www.europesays.com\/fr\/wp-json\/wp\/v2\/posts\/439090","targetHints":{"allow":["GET"]}}],"collection":[{"href":"https:\/\/www.europesays.com\/fr\/wp-json\/wp\/v2\/posts"}],"about":[{"href":"https:\/\/www.europesays.com\/fr\/wp-json\/wp\/v2\/types\/post"}],"author":[{"embeddable":true,"href":"https:\/\/www.europesays.com\/fr\/wp-json\/wp\/v2\/users\/2"}],"replies":[{"embeddable":true,"href":"https:\/\/www.europesays.com\/fr\/wp-json\/wp\/v2\/comments?post=439090"}],"version-history":[{"count":0,"href":"https:\/\/www.europesays.com\/fr\/wp-json\/wp\/v2\/posts\/439090\/revisions"}],"wp:featuredmedia":[{"embeddable":true,"href":"https:\/\/www.europesays.com\/fr\/wp-json\/wp\/v2\/media\/439091"}],"wp:attachment":[{"href":"https:\/\/www.europesays.com\/fr\/wp-json\/wp\/v2\/media?parent=439090"}],"wp:term":[{"taxonomy":"category","embeddable":true,"href":"https:\/\/www.europesays.com\/fr\/wp-json\/wp\/v2\/categories?post=439090"},{"taxonomy":"post_tag","embeddable":true,"href":"https:\/\/www.europesays.com\/fr\/wp-json\/wp\/v2\/tags?post=439090"}],"curies":[{"name":"wp","href":"https:\/\/api.w.org\/{rel}","templated":true}]}}