{"id":439104,"date":"2025-10-04T17:46:21","date_gmt":"2025-10-04T17:46:21","guid":{"rendered":"https:\/\/www.europesays.com\/fr\/439104\/"},"modified":"2025-10-04T17:46:21","modified_gmt":"2025-10-04T17:46:21","slug":"que-faire-a-lille-et-dans-le-nord-dimanche-5-octobre","status":"publish","type":"post","link":"https:\/\/www.europesays.com\/fr\/439104\/","title":{"rendered":"que faire \u00e0 Lille et dans le Nord dimanche 5 octobre\u00a0?"},"content":{"rendered":"<p>            Par<br \/>\n        <strong><br \/>\n            <a href=\"https:\/\/actu.fr\/auteur\/margot-nicodeme\" title=\"Consulter tous les articles de Margot Nicod\u00e8me\" rel=\"nofollow noopener\" target=\"_blank\">Margot Nicod\u00e8me<\/a><br \/>\n        <\/strong><\/p>\n<p>        Publi\u00e9 le<\/p>\n<p>            4 oct. 2025 \u00e0 16h50        <\/p>\n<p>La <a href=\"https:\/\/actu.fr\/meteo\/elle-est-d-une-puissance-exceptionnelle-la-tempete-amy-attendue-ce-vendredi-quelles-consequences-en-france_63248254.html\" rel=\"nofollow noopener\" target=\"_blank\">temp\u00eate Amy<\/a> sera bel et bien derri\u00e8re nous, dimanche 5 octobre 2025 : <a href=\"https:\/\/actu.fr\/societe\/tempete-amy-le-nord-et-le-pas-de-calais-passent-en-vigilance-orange-des-orages-aussi-prevus_63255385.html\" rel=\"nofollow noopener\" target=\"_blank\">la vigilance orange sera lev\u00e9e<\/a> dans le Nord, et il sera possible de remettre les pieds dehors sans craindre un incident li\u00e9 aux rafales de vent. Alors quel est le programme, dans<b> la m\u00e9tropole de <a href=\"https:\/\/actu.fr\/hauts-de-france\/lille_59350\" rel=\"nofollow noopener\" target=\"_blank\">Lille<\/a> et plus largement dans le d\u00e9partement<\/b>, pour ce dernier jour de la semaine<b> <\/b>? Voici notre liste non exhaustive, mais susceptible de plaire au plus grand nombre !<\/p>\n<ul class=\" wall-content\">\n<li>Bon plan. <a href=\"https:\/\/actu.fr\/hauts-de-france\/lille_59350\/bon-plan-les-musees-gratuits-a-lille-le-premier-dimanche-du-mois_60915664.html\" rel=\"nofollow noopener\" target=\"_blank\">Les mus\u00e9es gratuits \u00e0 Lille<\/a> et <a href=\"https:\/\/info.lenord.fr\/dimanche-5-octobre-nos-musees-sont-gratuits\" rel=\"nofollow noopener\" target=\"_blank\">dans le D\u00e9partement<\/a> le premier dimanche du mois<\/li>\n<\/ul>\n<p class=\" wall-content\">Beaucoup le savent d\u00e9j\u00e0 : les mus\u00e9es sont gratuits, le premier dimanche du mois. Voici les \u00e9tablissements concern\u00e9s \u00e0 Lille, et ceux dans tout le d\u00e9partement du Nord.\u00a0<\/p>\n<ul class=\" wall-content\">\n<li><a href=\"https:\/\/actu.fr\/hauts-de-france\/meteren_59401\/fruits-et-legumes-des-fermes-fromage-biere-un-grand-marche-du-terroir-ce-dimanche-dans-le-nord_63232345.html\" rel=\"nofollow noopener\" target=\"_blank\">Fruits et l\u00e9gumes fermiers, fromage, bi\u00e8re\u2026 Un grand march\u00e9 du terroir ce dimanche dans le Nord<\/a><\/li>\n<\/ul>\n<p class=\" wall-content\">Un grand march\u00e9 du terroir avec fruits et l\u00e9gumes de saison, plantes de p\u00e9pini\u00e8res, fromage, bi\u00e8re, accessoires, bijoux\u2026 se tient dans les Flandres ce dimanche 5 octobre.<\/p>\n<ul class=\" wall-content\">\n<li><a href=\"https:\/\/actu.fr\/loisirs-culture\/voici-les-brocantes-braderies-et-vide-greniers-organises-dans-le-nord-samedi-4-et-dimanche-5-octobre_63238511.html\" rel=\"nofollow noopener\" target=\"_blank\">Voici les brocantes, braderies et vide-greniers organis\u00e9s dans le Nord dimanche 5 octobre<\/a><\/li>\n<\/ul>\n<p class=\" wall-content\">Et si vous chiniez ce dimanche ? Dans le Nord, plusieurs brocantes, braderies et vide-greniers sont organis\u00e9s. \u00c0 vous les bonnes affaires !<\/p>\n<ul class=\" wall-content\">\n<li><a href=\"https:\/\/actu.fr\/hauts-de-france\/lille_59350\/thematique-nouveautes-animations-ce-qui-vous-attend-a-la-5e-edition-du-lille-street-food-festival_63157137.html\" rel=\"nofollow noopener\" target=\"_blank\">Th\u00e9matique, nouveaut\u00e9s, animations\u2026 Ce qui vous attend \u00e0 la 5e \u00e9dition du Lille Street Food Festival<\/a><\/li>\n<\/ul>\n<p>Votre r\u00e9gion, votre actu !<\/p>\n<p>Recevez chaque jour les infos qui comptent pour vous.<\/p>\n<p>\t<a href=\"https:\/\/actu.fr\/newsletter\" class=\"ac-btn ac-btn--corner ac-btn--medium ac-btn--blue800\" rel=\"nofollow noopener\" target=\"_blank\">S&rsquo;incrire<\/a><\/p>\n<p class=\" wall-content\">Elle s\u2019annonce tr\u00e8s, tr\u00e8s sympathique\u2009! L\u2019\u00e9dition 2025 du Lille Street Food Festival a d\u00e9marr\u00e9 le 2 octobre, et se cl\u00f4turera ce dimanche 5 octobre \u00e0 Lille. Voici le programme.<\/p>\n<ul class=\" wall-content\">\n<li><a href=\"https:\/\/actu.fr\/hauts-de-france\/la-madeleine_59368\/la-madeleine-roller-mini-skate-park-profitez-du-grand-boulevard-sans-voiture-dimanche_63244680.html\" rel=\"nofollow noopener\" target=\"_blank\">La Madeleine. Roller, mini skate park\u2026 Profitez du Grand boulevard sans voiture dimanche\u00a0!<\/a><\/li>\n<\/ul>\n<p class=\" wall-content\">Le Grand boulevard sera ferm\u00e9 \u00e0 la circulation automobile pendant plusieurs heures, dimanche 5 octobre \u00e0 La Madeleine. Marche, roller, skate, v\u00e9lo\u2026 Chacun pourra en profiter.<\/p>\n<ul class=\" wall-content\">\n<li><a href=\"https:\/\/actu.fr\/hauts-de-france\/lille_59350\/peinture-photo-gravure-vitrail-des-ateliers-dartistes-ouvrent-leurs-portes-a-lille-pendant-trois-jours_63238153.html\" rel=\"nofollow noopener\" target=\"_blank\">Peinture, photo, gravure, vitrail\u2026 Des ateliers d\u2019artistes ouvrent leurs portes \u00e0 Lille pendant trois jours<\/a><\/li>\n<\/ul>\n<p class=\" wall-content\">Les portes ouvertes des ateliers d\u2019artistes reviennent \u00e0 Lille et dans le Nord, pour une nouvelle \u00e9dition, d\u00e9but octobre 2025. Trois jours pour s\u2019immerger dans leur quotidien, dont dimanche.<\/p>\n<ul class=\" wall-content\">\n<li><a href=\"https:\/\/www.villeneuvedascq.fr\/agenda\/194\/evenement\/36207583\/cultivons-le-houblon\" rel=\"nofollow noopener\" target=\"_blank\">Dimanche, le Mus\u00e9e du terroir f\u00eate le houblon<\/a><\/li>\n<\/ul>\n<p class=\" wall-content\">Entr\u00e9e gratuite et animations autour du houblon vous attendent, dimanche 5\u00a0octobre au mus\u00e9e villeneuvois. Au programme\u2009: atelier fabrication de coussins avec des c\u00f4nes de houblon ou d\u2019empreinte v\u00e9g\u00e9tale avec des feuilles de houblon, d\u00e9gustation et explications sur la fabrication de la bi\u00e8re\u2026 Une\u00a0<a href=\"https:\/\/actu.fr\/hauts-de-france\/villeneuve-d-ascq_59009\/des-collections-de-trois-musees-du-nord-reunies-dans-cette-exposition-sur-les-douanes-franco-belges_63166680.html\" rel=\"nofollow noopener\" target=\"_blank\">expo sur les douanes<\/a>\u00a0est aussi \u00e0 d\u00e9couvrir sur place en ce moment.<\/p>\n<ul class=\" wall-content\">\n<li><a href=\"https:\/\/pba.lille.fr\/Agenda\/Petite-histoire-de-Geants-la-legende-de-Lyderic-et-Phinaert\" rel=\"nofollow noopener\" target=\"_blank\">Les g\u00e9ants locaux mis en avant dans cette expo du Palais des Beaux-arts<\/a><\/li>\n<\/ul>\n<p class=\" wall-content\">Dans \u00ab\u00a0Petite histoire de G\u00e9ants\u2009: la l\u00e9gende de Lyd\u00e9ric et Phinaert\u00a0\u00bb, pr\u00e9sent\u00e9e en ce moment, les g\u00e9ants, personnages embl\u00e9matiques du Nord et de la Belgique, sont c\u00e9l\u00e9br\u00e9s. Une occasion de mettre en lumi\u00e8re une tradition incontournable locale, et de marquer les 20 ans de leur reconnaissance au patrimoine culturel immat\u00e9riel de l\u2019humanit\u00e9 par l\u2019Unesco.<\/p>\n<ul class=\" wall-content\">\n<li><a href=\"https:\/\/actu.fr\/loisirs-culture\/decor-magistral-et-universite-parmi-les-plus-vieilles-deurope-une-ville-somptueuse-a-2h-de-lille_63220866.html\" rel=\"nofollow noopener\" target=\"_blank\">D\u00e9cor magistral et universit\u00e9 parmi les plus vieilles d\u2019Europe : une ville somptueuse \u00e0 2h de Lille<\/a><\/li>\n<\/ul>\n<p class=\" wall-content\">\u00c0 2h de route de Lille, se trouve une ville charg\u00e9e d\u2019histoire chez nos voisins belges, qui compte un des universit\u00e9s les plus anciennes d\u2019Europe. Visite.<\/p>\n<ul class=\" wall-content\">\n<li><a href=\"https:\/\/actu.fr\/loisirs-culture\/belgique-fraichement-distingue-le-parc-bellewaerde-a-officiellement-la-meilleure-attraction-deurope_63223873.html\" rel=\"nofollow noopener\" target=\"_blank\">Belgique. Fra\u00eechement distingu\u00e9, le parc Bellewaerde a officiellement \u00ab\u00a0la meilleure attraction d\u2019Europe\u00a0\u00bb<\/a><\/li>\n<\/ul>\n<p class=\" wall-content\">La meilleure attraction d\u2019Europe, tout juste \u00e9lue, se trouve (naturellement) dans l\u2019un des meilleurs parcs d\u2019Europe\u2026 Bellewaerde en Belgique, \u00e0 1\u2009h de Lille. L\u2019occasion de faire un tour dans le parc !<\/p>\n<p class=\" wall-content\">Personnalisez votre actualit\u00e9 en ajoutant vos villes et m\u00e9dias en favori avec <a href=\"https:\/\/moncompte.actu.fr\" title=\"D\u00e9couvez Mon Actu\" rel=\"nofollow noopener\" data-trk=\"{&quot;cta&quot;:{&quot;action&quot;:&quot;https:\\\/\\\/moncompte.actu.fr&quot;,&quot;category&quot;:&quot;mon compte&quot;,&quot;from&quot;:&quot;article footer&quot;,&quot;name&quot;:&quot;Mon actu&quot;,&quot;type&quot;:&quot;cta&quot;}}\" target=\"_blank\">Mon Actu<\/a>.<\/p>\n","protected":false},"excerpt":{"rendered":"Par Margot Nicod\u00e8me Publi\u00e9 le 4 oct. 2025 \u00e0 16h50 La temp\u00eate Amy sera bel et bien derri\u00e8re&hellip;\n","protected":false},"author":2,"featured_media":439105,"comment_status":"","ping_status":"","sticky":false,"template":"","format":"standard","meta":{"footnotes":""},"categories":[2815],"tags":[1111,11,1777,674,652,1011,27,811,1307,1652,2089,12,25],"class_list":{"0":"post-439104","1":"post","2":"type-post","3":"status-publish","4":"format-standard","5":"has-post-thumbnail","7":"category-lille","8":"tag-actu","9":"tag-actualites","10":"tag-eu","11":"tag-europe","12":"tag-famille","13":"tag-fr","14":"tag-france","15":"tag-hauts-de-france","16":"tag-lille","17":"tag-loisirs-culture","18":"tag-marche","19":"tag-news","20":"tag-republique-francaise"},"share_on_mastodon":{"url":"https:\/\/pubeurope.com\/@fr\/115317151189474443","error":""},"_links":{"self":[{"href":"https:\/\/www.europesays.com\/fr\/wp-json\/wp\/v2\/posts\/439104","targetHints":{"allow":["GET"]}}],"collection":[{"href":"https:\/\/www.europesays.com\/fr\/wp-json\/wp\/v2\/posts"}],"about":[{"href":"https:\/\/www.europesays.com\/fr\/wp-json\/wp\/v2\/types\/post"}],"author":[{"embeddable":true,"href":"https:\/\/www.europesays.com\/fr\/wp-json\/wp\/v2\/users\/2"}],"replies":[{"embeddable":true,"href":"https:\/\/www.europesays.com\/fr\/wp-json\/wp\/v2\/comments?post=439104"}],"version-history":[{"count":0,"href":"https:\/\/www.europesays.com\/fr\/wp-json\/wp\/v2\/posts\/439104\/revisions"}],"wp:featuredmedia":[{"embeddable":true,"href":"https:\/\/www.europesays.com\/fr\/wp-json\/wp\/v2\/media\/439105"}],"wp:attachment":[{"href":"https:\/\/www.europesays.com\/fr\/wp-json\/wp\/v2\/media?parent=439104"}],"wp:term":[{"taxonomy":"category","embeddable":true,"href":"https:\/\/www.europesays.com\/fr\/wp-json\/wp\/v2\/categories?post=439104"},{"taxonomy":"post_tag","embeddable":true,"href":"https:\/\/www.europesays.com\/fr\/wp-json\/wp\/v2\/tags?post=439104"}],"curies":[{"name":"wp","href":"https:\/\/api.w.org\/{rel}","templated":true}]}}