{"id":439106,"date":"2025-10-04T17:47:12","date_gmt":"2025-10-04T17:47:12","guid":{"rendered":"https:\/\/www.europesays.com\/fr\/439106\/"},"modified":"2025-10-04T17:47:12","modified_gmt":"2025-10-04T17:47:12","slug":"la-prefecture-de-police-modifie-les-regles-ce-qui-change","status":"publish","type":"post","link":"https:\/\/www.europesays.com\/fr\/439106\/","title":{"rendered":"la pr\u00e9fecture de Police modifie les r\u00e8gles, ce qui change"},"content":{"rendered":"<p>            Par<br \/>\n        <strong><br \/>\n            <a href=\"https:\/\/actu.fr\/auteur\/thibault-nadal-actu-fr\" title=\"Consulter tous les articles de Thibault Nadal\" target=\"_blank\" rel=\"noopener\">Thibault Nadal<\/a><br \/>\n        <\/strong><\/p>\n<p>        Publi\u00e9 le<\/p>\n<p>            4 oct. 2025 \u00e0 7h50        <\/p>\n<p>Le dispositif semble port\u00e9 ses fruits. \u00c0 tel point que <a href=\"https:\/\/actu.fr\/tag\/prefecture-des-bouches-du-rhone\" target=\"_blank\" rel=\"noopener\">la pr\u00e9fecture de Police des Bouches-du-Rh\u00f4ne<\/a> a d\u00e9cid\u00e9 d\u2019assouplir les r\u00e8gles. Dans son dernier arr\u00eat\u00e9 publi\u00e9 ce mercredi 1er\u00a0octobre, les autorit\u00e9s ont d\u00e9cid\u00e9 de<strong> r\u00e9duire le p\u00e9rim\u00e8tre de fermeture<\/strong> <a href=\"https:\/\/actu.fr\/provence-alpes-cote-d-azur\/marseille_13055\/marseille-la-decision-est-prise-les-epiceries-de-nuit-vont-fermer-des-22-h-voici-ou_62290994.html\" target=\"_blank\" rel=\"noopener\">des \u00e9piceries de nuit<\/a> \u00e0 <a href=\"https:\/\/actu.fr\/marseille\/\" target=\"_blank\" rel=\"noopener\">Marseille<\/a>. Voici les secteurs qui ne sont plus concern\u00e9s.<\/p>\n<p>Trois secteurs sortent du dispositif<\/p>\n<p class=\" wall-content\"><a href=\"https:\/\/actu.fr\/provence-alpes-cote-d-azur\/marseille_13055\/marseille-la-decision-est-prise-les-epiceries-de-nuit-vont-fermer-des-22-h-voici-ou_62290994.html\" target=\"_blank\" rel=\"noopener\">Depuis le 24\u00a0f\u00e9vrier<\/a>, les \u00e9piceries de nuit sont ferm\u00e9es de 22h \u00e0 6h du matin. Une mesure prise sur les grands axes des sept premiers arrondissements apr\u00e8s <strong>de multiples \u00ab\u2009atteintes \u00e0 la tranquillit\u00e9 publique\u2009\u00bb<\/strong>.<\/p>\n<p class=\" wall-content\"><a href=\"https:\/\/actu.fr\/provence-alpes-cote-d-azur\/marseille_13055\/epiceries-de-nuit-a-marseille-fermeture-a-22h-prolongee-nouvelles-regles-le-week-end_62534607.html\" target=\"_blank\" rel=\"noopener\">L\u2019arr\u00eat\u00e9 a \u00e9t\u00e9\u00a0prolong\u00e9 plusieurs fois<\/a> par les autorit\u00e9s. Mais dans <a href=\"https:\/\/www.bouches-du-rhone.gouv.fr\/contenu\/telechargement\/61500\/433856\/file\/recueil-13-2025-290-recueil-des-actes-administratifs-special%20du%2001%20octobre%202025.pdf\" target=\"_blank\" rel=\"noopener\">son dernier arr\u00eat\u00e9<\/a> publi\u00e9 ce mercredi 1er\u00a0octobre, la pr\u00e9fecture de Police des Bouches-du-Rh\u00f4ne estime que \u00ab\u2009les troubles \u00e0 l\u2019ordre public en lien avec les \u00e9piceries de nuit sont <strong>en nette diminution<\/strong> depuis l\u2019entr\u00e9e en vigueur des arr\u00eat\u00e9s pr\u00e9fectoraux\u2009\u00bb, que les appels au 17 sont moins fr\u00e9quents et que seulement une dizaine d\u2019\u00e9piciers n\u2019ont pas respect\u00e9 les r\u00e8gles depuis le dernier arr\u00eat\u00e9 pris fin juin.<\/p>\n<p class=\" wall-content\">Des avanc\u00e9es qui permettent aux autorit\u00e9s de \u00ab\u2009revoir la superficie des p\u00e9rim\u00e8tres d\u00e9limit\u00e9s quant \u00e0 pr\u00e9sent\u2009\u00bb.<\/p>\n<p class=\" wall-content\"><strong>Les secteurs qui ne sont plus concern\u00e9s<\/strong>\u2009:<\/p>\n<ul class=\" wall-content\">\n<li>Le 2e arrondissement,<\/li>\n<li>Boulevard Fran\u00e7oise Duparc (4e),<\/li>\n<li>Le boulevard Baille (6e).<\/li>\n<\/ul>\n<p>Un changement d\u2019horaire<\/p>\n<p class=\" wall-content\">Toutefois, plusieurs secteurs restent soumis \u00e0 des fermetures\u2009: Porte d\u2019Aix et cour Belsunce, Sainte-Catherine, boulevard National \/ Crim\u00e9e, Canet, Saint-J\u00e9r\u00f4me, Camille Pelletan \/ Roger Salengro et Capelette \/ Vivaux \/ Saint-Loup.<\/p>\n<p>Votre r\u00e9gion, votre actu !<\/p>\n<p>Recevez chaque jour les infos qui comptent pour vous.<\/p>\n<p>\t<a href=\"https:\/\/actu.fr\/newsletter\" class=\"ac-btn ac-btn--corner ac-btn--medium ac-btn--blue800\" target=\"_blank\" rel=\"noopener\">S&rsquo;incrire<\/a><\/p>\n<p class=\" wall-content\">Mais m\u00eame pour ces zones, une petite am\u00e9lioration est \u00e0 signaler. Jusqu\u2019au 30\u00a0novembre, le lundi, mardi, mercredi, jeudi et dimanche, les \u00e9piceries restent ferm\u00e9es de 22h \u00e0 6h du matin. Mais le <strong>vendredi, samedi, et veille de jour f\u00e9ri\u00e9<\/strong>, les \u00e9piciers doivent baisser le rideau <strong>de 23h \u00e0 6h du matin<\/strong>.<\/p>\n<p class=\" wall-content\">\n<p>Des nuisances persistantes<\/p>\n<p class=\" wall-content\">Mais ces avanc\u00e9es restent fragiles. Dans son arr\u00eat\u00e9, la pr\u00e9fecture souligne que \u00ab\u2009des troubles \u00e0 l\u2019ordre public\u2009\u00bb et \u00ab\u2009des altercations physiques, des outrages, injures et menaces\u2009\u00bb ont \u00e9t\u00e9 constat\u00e9s.<\/p>\n<p class=\" wall-content\">\u00ab\u2009En cas de non-respect de la tranquillit\u00e9 publique, <strong>un arr\u00eat\u00e9 pourra \u00eatre repris<\/strong>\u2009\u00bb, ajoutent les autorit\u00e9s sur X qui pr\u00e9cisent que les patrouilles de nuit vont continuer.<\/p>\n<p class=\" wall-content\">Personnalisez votre actualit\u00e9 en ajoutant vos villes et m\u00e9dias en favori avec <a href=\"https:\/\/moncompte.actu.fr\" title=\"D\u00e9couvez Mon Actu\" rel=\"nofollow noopener\" data-trk=\"{&quot;cta&quot;:{&quot;action&quot;:&quot;https:\\\/\\\/moncompte.actu.fr&quot;,&quot;category&quot;:&quot;mon compte&quot;,&quot;from&quot;:&quot;article footer&quot;,&quot;name&quot;:&quot;Mon actu&quot;,&quot;type&quot;:&quot;cta&quot;}}\" target=\"_blank\">Mon Actu<\/a>.<\/p>\n","protected":false},"excerpt":{"rendered":"Par Thibault Nadal Publi\u00e9 le 4 oct. 2025 \u00e0 7h50 Le dispositif semble port\u00e9 ses fruits. \u00c0 tel&hellip;\n","protected":false},"author":2,"featured_media":439107,"comment_status":"","ping_status":"","sticky":false,"template":"","format":"standard","meta":{"footnotes":""},"categories":[2814],"tags":[1111,11,215,1777,674,1011,27,884,12,45301,882,25,104],"class_list":{"0":"post-439106","1":"post","2":"type-post","3":"status-publish","4":"format-standard","5":"has-post-thumbnail","7":"category-marseille","8":"tag-actu","9":"tag-actualites","10":"tag-commerce","11":"tag-eu","12":"tag-europe","13":"tag-fr","14":"tag-france","15":"tag-marseille","16":"tag-news","17":"tag-prefecture-des-bouches-du-rhone","18":"tag-provence-alpes-cote-dazur","19":"tag-republique-francaise","20":"tag-societe"},"share_on_mastodon":{"url":"https:\/\/pubeurope.com\/@fr\/115317155187447817","error":""},"_links":{"self":[{"href":"https:\/\/www.europesays.com\/fr\/wp-json\/wp\/v2\/posts\/439106","targetHints":{"allow":["GET"]}}],"collection":[{"href":"https:\/\/www.europesays.com\/fr\/wp-json\/wp\/v2\/posts"}],"about":[{"href":"https:\/\/www.europesays.com\/fr\/wp-json\/wp\/v2\/types\/post"}],"author":[{"embeddable":true,"href":"https:\/\/www.europesays.com\/fr\/wp-json\/wp\/v2\/users\/2"}],"replies":[{"embeddable":true,"href":"https:\/\/www.europesays.com\/fr\/wp-json\/wp\/v2\/comments?post=439106"}],"version-history":[{"count":0,"href":"https:\/\/www.europesays.com\/fr\/wp-json\/wp\/v2\/posts\/439106\/revisions"}],"wp:featuredmedia":[{"embeddable":true,"href":"https:\/\/www.europesays.com\/fr\/wp-json\/wp\/v2\/media\/439107"}],"wp:attachment":[{"href":"https:\/\/www.europesays.com\/fr\/wp-json\/wp\/v2\/media?parent=439106"}],"wp:term":[{"taxonomy":"category","embeddable":true,"href":"https:\/\/www.europesays.com\/fr\/wp-json\/wp\/v2\/categories?post=439106"},{"taxonomy":"post_tag","embeddable":true,"href":"https:\/\/www.europesays.com\/fr\/wp-json\/wp\/v2\/tags?post=439106"}],"curies":[{"name":"wp","href":"https:\/\/api.w.org\/{rel}","templated":true}]}}