{"id":439114,"date":"2025-10-04T17:54:13","date_gmt":"2025-10-04T17:54:13","guid":{"rendered":"https:\/\/www.europesays.com\/fr\/439114\/"},"modified":"2025-10-04T17:54:13","modified_gmt":"2025-10-04T17:54:13","slug":"demi-vollering-sacree-championne-deurope-pour-la-premiere-fois","status":"publish","type":"post","link":"https:\/\/www.europesays.com\/fr\/439114\/","title":{"rendered":"Demi Vollering sacr\u00e9e championne d\u2019Europe pour la premi\u00e8re fois"},"content":{"rendered":"<p>                          <img loading=\"lazy\" decoding=\"async\" src=\"https:\/\/www.europesays.com\/fr\/wp-content\/uploads\/2025\/10\/4dfb795_ftp-import-images-1-giolsma87dxv-5078091-01-06.jpg\" alt=\"Demi Vollering c\u00e9l\u00e8bre sa victoire sur la course en ligne des championnats d\u2019Europe de cyclisme \u00e0 Guilherand-Granges (Ard\u00e8che), le 4\u00a0octobre\u00a02025.\"   width=\"664\" height=\"443\"\/>    Demi Vollering c\u00e9l\u00e8bre sa victoire sur la course en ligne des championnats d\u2019Europe de cyclisme \u00e0 Guilherand-Granges (Ard\u00e8che), le 4\u00a0octobre\u00a02025.  JEFF PACHOUD \/ AFP                          <\/p>\n<p class=\"article__paragraph  \">Apr\u00e8s le jaune du France en\u00a02023\u00a0et le rouge <a href=\"https:\/\/www.lemonde.fr\/sport\/article\/2025\/05\/10\/demi-vollering-vainqueure-de-la-vuelta-offre-a-l-equipe-francaise-fdj-suez-son-premier-sacre-sur-un-grand-tour_6604818_3242.html\" rel=\"nofollow noopener\" target=\"_blank\">du tour d\u2019Espagne en\u00a02024\u00a0et 2025<\/a>, Demi Vollering s\u2019offre une nouvelle tunique distinctive\u00a0: le maillot \u00e9toil\u00e9. La N\u00e9erlandaise de 28\u00a0ans a \u00e9t\u00e9 sacr\u00e9e championne d\u2019Europe de cyclisme sur route, samedi 4\u00a0octobre, \u00e0 Guilherand-Granges (Ard\u00e8che), apr\u00e8s \u00eatre partie seule \u00e0 38\u00a0kilom\u00e8tres de l\u2019arriv\u00e9e. Elle devance la Polonaise Kasia Niewiadoma (+\u00a01\u00a0min\u00a018\u00a0s) et sa compatriote Anna van\u00a0der\u00a0Breggen (+\u00a01\u00a0min\u00a018\u00a0s), apportant aux Pays-Bas leur neuvi\u00e8me titre en dix \u00e9ditions.<\/p>\n<p class=\"article__paragraph  \">Une semaine apr\u00e8s <a href=\"https:\/\/www.lemonde.fr\/sport\/article\/2025\/09\/27\/aux-championnats-du-monde-de-cyclisme-de-kigali-la-defaillance-des-favorites_6643211_3242.html?search-type=classic&amp;ise_click_rank=15\" rel=\"nofollow noopener\" target=\"_blank\">sa septi\u00e8me place aux Mondiaux \u00e0 Kigali (Rwanda)<\/a>, Demi Vollering a r\u00e9ussi \u00e0 se remobiliser pour aller d\u00e9crocher le premier titre europ\u00e9en de sa carri\u00e8re. Avant cela, elle n\u2019avait jamais fait mieux qu\u2019une cinqui\u00e8me place sur la course en ligne individuelle dans la comp\u00e9tition.<\/p>\n<p class=\"article__paragraph  \">En Ard\u00e8che, elle n\u2019a rien laiss\u00e9 au hasard. Elle a d\u2019abord plac\u00e9 une acc\u00e9l\u00e9ration dans l\u2019ascension de Saint-Romain-de-Lerps, \u00e0 39\u00a0kilom\u00e8tres de l\u2019arriv\u00e9e, laissant derri\u00e8re elle toutes les Fran\u00e7aises. Un kilom\u00e8tre plus loin, elle a augment\u00e9 la cadence pour semer les trois seules coureuses \u00e0 avoir r\u00e9ussi \u00e0 la suivre, Kasia Niewiadoma, Anna van\u00a0der\u00a0Breggen et l\u2019Italienne Elisa Longo Borghini. Demi Vollering s\u2019est ensuite engag\u00e9e dans un long raid en solitaire pour franchir en t\u00eate les deux derni\u00e8res mont\u00e9es du tr\u00e8s raide Val d\u2019Enfer et aller cueillir la victoire \u00e0 Guilherand-Granges.<\/p>\n<p>                    Deux Fran\u00e7aises dans le Top\u00a010                    <\/p>\n<p class=\"article__paragraph  \">Ce 55e\u00a0succ\u00e8s en carri\u00e8re, le 11e en\u00a02025, couronne une saison r\u00e9ussie de la N\u00e9erlandaise. Sous les couleurs de l\u2019\u00e9quipe fran\u00e7aise FDJ-Suez, qu\u2019elle a rejointe en d\u00e9but d\u2019ann\u00e9e, elle a notamment gagn\u00e9 la Vuelta, les tours de Catalogne et du Pays basque ainsi que les Strade Bianche, et d\u00e9croch\u00e9 une kyrielle de podiums, dont le bronze sur le contre-la-montre des Mondiaux et la deuxi\u00e8me place sur <a href=\"https:\/\/www.lemonde.fr\/sport\/article\/2025\/07\/30\/malgre-la-chute-de-demi-vollering-l-armada-de-la-fdj-suez-a-l-assaut-du-tour-de-france-femmes_6625481_3242.html\" rel=\"nofollow noopener\" target=\"_blank\">le Tour de France, <\/a>derri\u00e8re Pauline Ferrand-Pr\u00e9vot.<\/p>\n<p class=\"article__paragraph  \">Cette derni\u00e8re, malade, avait \u00e9t\u00e9 contrainte de d\u00e9clarer forfait avant la course. Les Fran\u00e7aises Juliette Labous et C\u00e9drine Kerbaol ont r\u00e9ussi, samedi, \u00e0 accrocher le Top\u00a010, respectivement la 6e et la 9e\u00a0place.<\/p>\n<p class=\"author__detail\">  Le Monde avec AFP  <\/p>\n<p>                  <a href=\"https:\/\/www.lemonde.fr\/syndication\/\" class=\"reuse__content\" title=\"R\u00e9utiliser ce contenu\" target=\"_blank\" rel=\"nofollow noopener\">R\u00e9utiliser ce contenu<\/a>      <\/p>\n","protected":false},"excerpt":{"rendered":"Demi Vollering c\u00e9l\u00e8bre sa victoire sur la course en ligne des championnats d\u2019Europe de cyclisme \u00e0 Guilherand-Granges (Ard\u00e8che),&hellip;\n","protected":false},"author":2,"featured_media":439115,"comment_status":"","ping_status":"","sticky":false,"template":"","format":"standard","meta":{"footnotes":""},"categories":[1888],"tags":[1111,1928,11,1927,1777,674,1011,27,12,1926,626,1925,25],"class_list":{"0":"post-439114","1":"post","2":"type-post","3":"status-publish","4":"format-standard","5":"has-post-thumbnail","7":"category-paris","8":"tag-actu","9":"tag-actu-paris","10":"tag-actualites","11":"tag-actualites-paris","12":"tag-eu","13":"tag-europe","14":"tag-fr","15":"tag-france","16":"tag-news","17":"tag-news-paris","18":"tag-paris","19":"tag-paris-news","20":"tag-republique-francaise"},"share_on_mastodon":{"url":"https:\/\/pubeurope.com\/@fr\/115317183442250838","error":""},"_links":{"self":[{"href":"https:\/\/www.europesays.com\/fr\/wp-json\/wp\/v2\/posts\/439114","targetHints":{"allow":["GET"]}}],"collection":[{"href":"https:\/\/www.europesays.com\/fr\/wp-json\/wp\/v2\/posts"}],"about":[{"href":"https:\/\/www.europesays.com\/fr\/wp-json\/wp\/v2\/types\/post"}],"author":[{"embeddable":true,"href":"https:\/\/www.europesays.com\/fr\/wp-json\/wp\/v2\/users\/2"}],"replies":[{"embeddable":true,"href":"https:\/\/www.europesays.com\/fr\/wp-json\/wp\/v2\/comments?post=439114"}],"version-history":[{"count":0,"href":"https:\/\/www.europesays.com\/fr\/wp-json\/wp\/v2\/posts\/439114\/revisions"}],"wp:featuredmedia":[{"embeddable":true,"href":"https:\/\/www.europesays.com\/fr\/wp-json\/wp\/v2\/media\/439115"}],"wp:attachment":[{"href":"https:\/\/www.europesays.com\/fr\/wp-json\/wp\/v2\/media?parent=439114"}],"wp:term":[{"taxonomy":"category","embeddable":true,"href":"https:\/\/www.europesays.com\/fr\/wp-json\/wp\/v2\/categories?post=439114"},{"taxonomy":"post_tag","embeddable":true,"href":"https:\/\/www.europesays.com\/fr\/wp-json\/wp\/v2\/tags?post=439114"}],"curies":[{"name":"wp","href":"https:\/\/api.w.org\/{rel}","templated":true}]}}