{"id":439116,"date":"2025-10-04T17:55:15","date_gmt":"2025-10-04T17:55:15","guid":{"rendered":"https:\/\/www.europesays.com\/fr\/439116\/"},"modified":"2025-10-04T17:55:15","modified_gmt":"2025-10-04T17:55:15","slug":"fashion-week-printemps-ete-2026-de-paris-les-meilleures-photos-de-backstage","status":"publish","type":"post","link":"https:\/\/www.europesays.com\/fr\/439116\/","title":{"rendered":"Fashion Week printemps-\u00e9t\u00e9 2026 de Paris : les meilleures photos de backstage"},"content":{"rendered":"<p>Apr\u00e8s la Fashion Week de Londres, New York et Milan, nous sommes enfin \u00e0 Paris, th\u00e9\u00e2tre ultime de ce mois de septembre hors norme. Ici, <strong>Jack McCollough<\/strong> et <strong>Lazaro Hernandez<\/strong> pr\u00e9senteront leur vison de <strong>Loewe<\/strong>, <strong>Duran Lantink<\/strong> de <strong>Jean Paul Gaultier<\/strong> et <strong>Matthieu Blazy<\/strong> de <a href=\"https:\/\/www.vogue.fr\/dossier\/chanel\" target=\"_blank\" rel=\"noopener\"><strong>Chanel<\/strong><\/a>, pour ne citer qu&rsquo;eux.<\/p>\n<p>Mais en en plus de ces d\u00e9buts, nous sommes \u00e9galement impatients de voir ce que <strong>Thom Browne<\/strong> nous r\u00e9serve, ainsi que <strong>Sarah Burton<\/strong> chez <strong>Givenchy<\/strong>.<\/p>\n<p><strong>Acielle Tanbetova<\/strong> est sur place pour photographier les meilleurs moments dans les coulisses des d\u00e9fil\u00e9s du printemps-\u00e9t\u00e9 2026 \u00e0 Paris.<\/p>\n<p><a href=\"https:\/\/www.vogue.com\/slideshow\/go-backstage-at-the-spring-2026-shows-in-paris\" target=\"_blank\" rel=\"noopener\">Article initialement publi\u00e9 sur vogue.com<\/a><\/p>\n<p><strong>Retrouvez plus de photos backstage et mode sur Vogue.fr :<\/strong><\/p>\n<p>Ce qu&rsquo;il faut retenir du <a href=\"https:\/\/www.vogue.fr\/article\/k-way-automne-hiver-2024-2025\" target=\"_blank\" rel=\"noopener\">d\u00e9fil\u00e9 K-Way pr\u00e9sent\u00e9 \u00e0 Milan<\/a><br \/>Prada bouscule radicalement les codes de l&rsquo;officewear : <a href=\"https:\/\/www.vogue.fr\/article\/prada-homme-automne-hiver-2024-2025\" target=\"_blank\" rel=\"noopener\">voici les 5 temps forts du d\u00e9fil\u00e9 homme<\/a><br \/>Les bottes cavali\u00e8res sont <a href=\"https:\/\/www.vogue.fr\/article\/dolce-gabbana-homme-automne-hiver-2024-2025\" target=\"_blank\" rel=\"noopener\">l&rsquo;ultime investissement de 2024 selon Dolce &amp; Gabbana<\/a><\/p>\n<p><strong>Plus de vid\u00e9os Vogue France :<\/strong><\/p>\n<p>IMAGES : d\u00e9couvrez les backstages des d\u00e9fil\u00e9s de la Fashion Week de Paris 2026 :<\/p>\n","protected":false},"excerpt":{"rendered":"Apr\u00e8s la Fashion Week de Londres, New York et Milan, nous sommes enfin \u00e0 Paris, th\u00e9\u00e2tre ultime de&hellip;\n","protected":false},"author":2,"featured_media":439117,"comment_status":"","ping_status":"","sticky":false,"template":"","format":"standard","meta":{"footnotes":""},"categories":[1888],"tags":[1111,1928,11,1927,1777,674,992,34204,1011,27,985,12,1926,626,1925,25,18401],"class_list":{"0":"post-439116","1":"post","2":"type-post","3":"status-publish","4":"format-standard","5":"has-post-thumbnail","7":"category-paris","8":"tag-actu","9":"tag-actu-paris","10":"tag-actualites","11":"tag-actualites-paris","12":"tag-eu","13":"tag-europe","14":"tag-fashion-week","15":"tag-fashion-week-paris","16":"tag-fr","17":"tag-france","18":"tag-mode","19":"tag-news","20":"tag-news-paris","21":"tag-paris","22":"tag-paris-news","23":"tag-republique-francaise","24":"tag-vogue-digital"},"share_on_mastodon":{"url":"https:\/\/pubeurope.com\/@fr\/115317186417931404","error":""},"_links":{"self":[{"href":"https:\/\/www.europesays.com\/fr\/wp-json\/wp\/v2\/posts\/439116","targetHints":{"allow":["GET"]}}],"collection":[{"href":"https:\/\/www.europesays.com\/fr\/wp-json\/wp\/v2\/posts"}],"about":[{"href":"https:\/\/www.europesays.com\/fr\/wp-json\/wp\/v2\/types\/post"}],"author":[{"embeddable":true,"href":"https:\/\/www.europesays.com\/fr\/wp-json\/wp\/v2\/users\/2"}],"replies":[{"embeddable":true,"href":"https:\/\/www.europesays.com\/fr\/wp-json\/wp\/v2\/comments?post=439116"}],"version-history":[{"count":0,"href":"https:\/\/www.europesays.com\/fr\/wp-json\/wp\/v2\/posts\/439116\/revisions"}],"wp:featuredmedia":[{"embeddable":true,"href":"https:\/\/www.europesays.com\/fr\/wp-json\/wp\/v2\/media\/439117"}],"wp:attachment":[{"href":"https:\/\/www.europesays.com\/fr\/wp-json\/wp\/v2\/media?parent=439116"}],"wp:term":[{"taxonomy":"category","embeddable":true,"href":"https:\/\/www.europesays.com\/fr\/wp-json\/wp\/v2\/categories?post=439116"},{"taxonomy":"post_tag","embeddable":true,"href":"https:\/\/www.europesays.com\/fr\/wp-json\/wp\/v2\/tags?post=439116"}],"curies":[{"name":"wp","href":"https:\/\/api.w.org\/{rel}","templated":true}]}}